{"id":3717,"date":"2019-09-05T22:10:27","date_gmt":"2019-09-06T03:10:27","guid":{"rendered":"http:\/\/www.zonaroja.com.mx\/?p=3717"},"modified":"2019-09-05T22:13:18","modified_gmt":"2019-09-06T03:13:18","slug":"adios-al-ferreo-defensor-del-patrimonio-historico-natural-y-cultural-de-oaxaca","status":"publish","type":"post","link":"https:\/\/zonaroja.com.mx\/?p=3717","title":{"rendered":"Adi\u00f3s al f\u00e9rreo defensor del patrimonio hist\u00f3rico, natural y cultural de Oaxaca"},"content":{"rendered":"\n<p>Redacci\u00f3n\/Zona\nRoja.<\/p>\n\n\n\n<p>Oaxaca de\nJu\u00e1rez, Oax., 5 de septiembre de 2019.- Hombre siempre serio y cortante en sus\npalabras, en los \u00faltimos a\u00f1os se volvi\u00f3 amigable y accesible.<\/p>\n\n\n\n<p>De pocas\npalabras pero siembre afable, Francisco Toledo respond\u00eda y bromeaba con los\nreporteros. Se dejaba tomar fotos desde cualquier \u00e1ngulo; conviv\u00eda incluso. En\nel Instituto de Artes Gr\u00e1ficas que fund\u00f3, ofreci\u00f3 en una ocasi\u00f3n un desayuno a\nla prensa. Regal\u00f3 y autografi\u00f3 unos cuadernillos. <\/p>\n\n\n\n<p>A nadie le parec\u00eda\nextra\u00f1o que caminara por las calles como cualquier ciudadano; pocas veces de\nzapatos, sucios y viejos. Muchas veces de huarache, con su caracter\u00edstica\ncamisa y pantal\u00f3n arrugados. Pelo largo y canoso. As\u00ed fue Francisco Toledo.<\/p>\n\n\n\n<p>La noche de este jueves fue confirmado el fallecimiento del originario de Juchit\u00e1n de Zaragoza, a la edad de 79 a\u00f1os.<\/p>\n\n\n\n<p>Grande y\nlargo su legado, como el Instituto de Artes Gr\u00e1ficas de Oaxaca, el Museo de\nArte Contempor\u00e1neo, el Centro de las Artes de San Agust\u00edn, el apoyo a los\nestudiantes de la Escuela Normal Biling\u00fce Intercultural de Tlacochahuaya.<\/p>\n\n\n\n<p>Su defensa\ndel cerro del Fort\u00edn contra la instalaci\u00f3n de un centro de convenciones; su\nlucha por preservar el ma\u00edz criollo; su pintura, su escultura, su arte en todos\nlos sentidos. Su altruismo sobre todo. Adi\u00f3s a Francisco Benjam\u00edn L\u00f3pez Toledo.<\/p>\n","protected":false},"excerpt":{"rendered":"<p>Redacci\u00f3n\/Zona Roja. Oaxaca de Ju\u00e1rez, Oax., 5 de septiembre de 2019.- Hombre siempre serio y&hellip;<\/p>\n","protected":false},"author":2,"featured_media":3718,"comment_status":"closed","ping_status":"open","sticky":false,"template":"","format":"standard","meta":{"_lmt_disableupdate":"","_lmt_disable":"","_jetpack_memberships_contains_paid_content":false,"footnotes":""},"categories":[109,47],"tags":[677],"class_list":["post-3717","post","type-post","status-publish","format-standard","has-post-thumbnail","hentry","category-minuto-a-minuto","category-zona-gris","tag-francisco-toledo"],"jetpack_featured_media_url":"https:\/\/zonaroja.com.mx\/wp-content\/uploads\/2019\/09\/IMG_5294.jpg","jetpack_sharing_enabled":true,"_links":{"self":[{"href":"https:\/\/zonaroja.com.mx\/index.php?rest_route=\/wp\/v2\/posts\/3717","targetHints":{"allow":["GET"]}}],"collection":[{"href":"https:\/\/zonaroja.com.mx\/index.php?rest_route=\/wp\/v2\/posts"}],"about":[{"href":"https:\/\/zonaroja.com.mx\/index.php?rest_route=\/wp\/v2\/types\/post"}],"author":[{"embeddable":true,"href":"https:\/\/zonaroja.com.mx\/index.php?rest_route=\/wp\/v2\/users\/2"}],"replies":[{"embeddable":true,"href":"https:\/\/zonaroja.com.mx\/index.php?rest_route=%2Fwp%2Fv2%2Fcomments&post=3717"}],"version-history":[{"count":2,"href":"https:\/\/zonaroja.com.mx\/index.php?rest_route=\/wp\/v2\/posts\/3717\/revisions"}],"predecessor-version":[{"id":3720,"href":"https:\/\/zonaroja.com.mx\/index.php?rest_route=\/wp\/v2\/posts\/3717\/revisions\/3720"}],"wp:featuredmedia":[{"embeddable":true,"href":"https:\/\/zonaroja.com.mx\/index.php?rest_route=\/wp\/v2\/media\/3718"}],"wp:attachment":[{"href":"https:\/\/zonaroja.com.mx\/index.php?rest_route=%2Fwp%2Fv2%2Fmedia&parent=3717"}],"wp:term":[{"taxonomy":"category","embeddable":true,"href":"https:\/\/zonaroja.com.mx\/index.php?rest_route=%2Fwp%2Fv2%2Fcategories&post=3717"},{"taxonomy":"post_tag","embeddable":true,"href":"https:\/\/zonaroja.com.mx\/index.php?rest_route=%2Fwp%2Fv2%2Ftags&post=3717"}],"curies":[{"name":"wp","href":"https:\/\/api.w.org\/{rel}","templated":true}]}}