{"id":37171,"date":"2022-02-03T22:22:51","date_gmt":"2022-02-04T04:22:51","guid":{"rendered":"http:\/\/www.zonaroja.com.mx\/?p=37171"},"modified":"2022-02-03T22:22:53","modified_gmt":"2022-02-04T04:22:53","slug":"por-intensa-pandemia-aumenta-a-44-2-la-ocupacion-hospitalaria","status":"publish","type":"post","link":"https:\/\/zonaroja.com.mx\/?p=37171","title":{"rendered":"Por intensa pandemia, aumenta a 44.2% la ocupaci\u00f3n hospitalaria"},"content":{"rendered":"\n<p>Redacci\u00f3n\/Zona Roja.<\/p>\n\n\n\n<p>Oaxaca de Ju\u00e1rez, Oax., 3 de febrero de 2022.- De acuerdo al comunicado t\u00e9cnico diario, los Servicios de Salud de Oaxaca (SSO) informaron que este 3 de febrero se reportaron 739 casos nuevos de Covid-19, con lo que suman 103 mil 777 acumulados.<\/p>\n\n\n\n<p>Para este jueves tambi\u00e9n se notificaron 10 defunciones, dando un total de cinco mil 783 personas que han perdido la vida a causa del virus; el 63.8% eran hombres y el 36.2% mujeres.<\/p>\n\n\n\n<p>Del global de decesos el 36.7% presentaron diabetes mellitus, el 39.3% hipertensi\u00f3n arterial y el 21% obesidad, siendo el grupo de edad m\u00e1s afectado las personas mayores de 65 a\u00f1os, con dos mil 708 fallecimientos.<\/p>\n\n\n\n<p>La dependencia precis\u00f3 que a la fecha se contabilizaron un total de 77 mil 771 casos negativos, seis mil 430 se encuentran como sospechosos, 91 mil 671 pacientes se han recuperado del padecimiento y hasta el momento hay seis mil 323 activos, distribuidos en 203 municipios.<\/p>\n\n\n\n<p>En esta jornada son 81 los municipios que presentaron contagios nuevos, entre los que destacan: Oaxaca de Ju\u00e1rez con 203 casos, San Juan Bautista Tuxtepec con 72, El Bario de la Soledad con 67, Santa Cruz Xoxocotl\u00e1n con 29, Salina Cruz con 26 y Santa Mar\u00eda Atzompa con 23, por mencionar algunos.<\/p>\n\n\n\n<figure class=\"wp-block-embed is-type-rich is-provider-twitter wp-block-embed-twitter\"><div class=\"wp-block-embed__wrapper\">\n<div class=\"twitter-tweet\"><blockquote class=\"twitter-tweet\" data-lang=\"es\"><p lang=\"es\" dir=\"ltr\"><a href=\"https:\/\/twitter.com\/hashtag\/%C3%9AltimoMinuto?src=hash&amp;ref_src=twsrc%5Etfw\">#\u00daltimoMinuto<\/a><br>Los Servicios de Salud de <a href=\"https:\/\/twitter.com\/hashtag\/Oaxaca?src=hash&amp;ref_src=twsrc%5Etfw\">#Oaxaca<\/a> reportaron este jueves 739 casos positivos a Covid y 10 fallecimientos.<br>Suman 103 mil 777 casos confirmados y 5 mil 783 decesos; hay 6 mil 323 casos activos.<br>Ocupaci\u00f3n hospitalaria al 44.2% y 11 nosocomios saturados. <a href=\"https:\/\/t.co\/OgbJpBSQRh\">pic.twitter.com\/OgbJpBSQRh<\/a><\/p>&mdash; Zona Roja Oaxaca (@Zona_Roja_Oax) <a href=\"https:\/\/twitter.com\/Zona_Roja_Oax\/status\/1489441892353949697?ref_src=twsrc%5Etfw\">4 de febrero de 2022<\/a><\/blockquote><\/div>\n<\/div><\/figure>\n\n\n\n<p>Por Jurisdicci\u00f3n Sanitaria, Valles Centrales contabiliz\u00f3 un acumulado de 62 mil 262 casos, tres mil 785 activos y dos mil 566 muertes; Istmo 14 mil 884 confirmados, mil 113 activos y mil 235 muertes; Tuxtepec siete mil 980 confirmados, 653 activos, 581 muertes; Costa siete mil 320 confirmados, 400 activos y 482 muertes; Mixteca siete mil 919 confirmados, 221 activos y 590 muertes; Sierra tres mil 412 confirmados, 151 activos y 329 muertes.<\/p>\n\n\n\n<p>Respecto a la ocupaci\u00f3n hospitalaria para atender a pacientes con Covid-19, este d\u00eda se report\u00f3 el 44.2% a nivel general, por lo que se tienen 190 camas ocupadas y 240 disponibles, adem\u00e1s de notific\u00f3 el ingreso de 10 nuevos pacientes y se increment\u00f3 a 11 los nosocomios al 100% de saturaci\u00f3n.<\/p>\n\n\n\n<p>La dependencia exhort\u00f3 a las y los oaxaque\u00f1os, a fortalecer el sistema inmunol\u00f3gico, proporcionando al organismo los nutrientes necesarios para tener una buena salud como: consumir alimentos ricos en vitamina \u201cC\u201d y \u201cD\u201d, (jugos, c\u00edtricos, verduras, frutas), dormir ocho horas, hacer ejercicio y evitar consumir productos altos en grasas y azucares.<\/p>\n\n\n\n<p>As\u00ed como evitar auto-medicarse, usar adecuadamente el cubrebocas, mantener la higiene de manos en todo momento, al toser o estornudar cubrirse con el \u00e1ngulo interno del brazo, no acudir a lugares aglomerados y ventilar los espacios cerrados, ante cualquier s\u00edntoma asociado al COIVD-19 quedarse en casa y monitorear los signos vitales.<\/p>\n\n\n\n<p>(Comunicado)<\/p>\n","protected":false},"excerpt":{"rendered":"<p>Redacci\u00f3n\/Zona Roja. Oaxaca de Ju\u00e1rez, Oax., 3 de febrero de 2022.- De acuerdo al comunicado&hellip;<\/p>\n","protected":false},"author":2,"featured_media":37172,"comment_status":"closed","ping_status":"open","sticky":false,"template":"","format":"standard","meta":{"_lmt_disableupdate":"","_lmt_disable":"","_jetpack_memberships_contains_paid_content":false,"footnotes":""},"categories":[109,47],"tags":[1512],"class_list":["post-37171","post","type-post","status-publish","format-standard","has-post-thumbnail","hentry","category-minuto-a-minuto","category-zona-gris","tag-coronavirus-oaxaca"],"jetpack_featured_media_url":"https:\/\/zonaroja.com.mx\/wp-content\/uploads\/2022\/02\/03-de-febrero-de-2022.-Comunicado-Te\u0301cnico-COVID-19.jpg","jetpack_sharing_enabled":true,"_links":{"self":[{"href":"https:\/\/zonaroja.com.mx\/index.php?rest_route=\/wp\/v2\/posts\/37171","targetHints":{"allow":["GET"]}}],"collection":[{"href":"https:\/\/zonaroja.com.mx\/index.php?rest_route=\/wp\/v2\/posts"}],"about":[{"href":"https:\/\/zonaroja.com.mx\/index.php?rest_route=\/wp\/v2\/types\/post"}],"author":[{"embeddable":true,"href":"https:\/\/zonaroja.com.mx\/index.php?rest_route=\/wp\/v2\/users\/2"}],"replies":[{"embeddable":true,"href":"https:\/\/zonaroja.com.mx\/index.php?rest_route=%2Fwp%2Fv2%2Fcomments&post=37171"}],"version-history":[{"count":1,"href":"https:\/\/zonaroja.com.mx\/index.php?rest_route=\/wp\/v2\/posts\/37171\/revisions"}],"predecessor-version":[{"id":37173,"href":"https:\/\/zonaroja.com.mx\/index.php?rest_route=\/wp\/v2\/posts\/37171\/revisions\/37173"}],"wp:featuredmedia":[{"embeddable":true,"href":"https:\/\/zonaroja.com.mx\/index.php?rest_route=\/wp\/v2\/media\/37172"}],"wp:attachment":[{"href":"https:\/\/zonaroja.com.mx\/index.php?rest_route=%2Fwp%2Fv2%2Fmedia&parent=37171"}],"wp:term":[{"taxonomy":"category","embeddable":true,"href":"https:\/\/zonaroja.com.mx\/index.php?rest_route=%2Fwp%2Fv2%2Fcategories&post=37171"},{"taxonomy":"post_tag","embeddable":true,"href":"https:\/\/zonaroja.com.mx\/index.php?rest_route=%2Fwp%2Fv2%2Ftags&post=37171"}],"curies":[{"name":"wp","href":"https:\/\/api.w.org\/{rel}","templated":true}]}}