{"id":37174,"date":"2022-02-03T22:29:29","date_gmt":"2022-02-04T04:29:29","guid":{"rendered":"http:\/\/www.zonaroja.com.mx\/?p=37174"},"modified":"2022-02-03T22:29:32","modified_gmt":"2022-02-04T04:29:32","slug":"asesinan-a-balazos-a-albanil-en-zaachila-oaxaca","status":"publish","type":"post","link":"https:\/\/zonaroja.com.mx\/?p=37174","title":{"rendered":"Asesinan a balazos a alba\u00f1il en Zaachila, Oaxaca"},"content":{"rendered":"\n<p>Redacci\u00f3n\/Zona Roja.<\/p>\n\n\n\n<p>Oaxaca de Ju\u00e1rez, Oax., 3 de febrero de 2022.- Una persona del sexo masculino fue asesinada a balazos la tarde de este jueves en la Villa de Zaachila, municipio de la regi\u00f3n Valles Centrales de Oaxaca.<\/p>\n\n\n\n<p>Sujetos armados arribaron asta el domicilio del hoy occiso, ubicado en la colonia La Guadalupana, y lo acribillaron, tras lo cual huyeron.<\/p>\n\n\n\n<p>La v\u00edctima fue identificada como Pascual R. H., de 37 a\u00f1os de edad, y hasta el momento se desconoce el m\u00f3vil del crime.<\/p>\n\n\n\n<p>Personal de la Fiscal\u00eda General del Estado de Oaxaca arrib\u00f3 al sitio para iniciar las indagatorias correspondientes.<\/p>\n","protected":false},"excerpt":{"rendered":"<p>Redacci\u00f3n\/Zona Roja. Oaxaca de Ju\u00e1rez, Oax., 3 de febrero de 2022.- Una persona del sexo&hellip;<\/p>\n","protected":false},"author":2,"featured_media":37175,"comment_status":"closed","ping_status":"open","sticky":false,"template":"","format":"standard","meta":{"_lmt_disableupdate":"","_lmt_disable":"","_jetpack_memberships_contains_paid_content":false,"footnotes":""},"categories":[109,47],"tags":[155],"class_list":["post-37174","post","type-post","status-publish","format-standard","has-post-thumbnail","hentry","category-minuto-a-minuto","category-zona-gris","tag-villa-de-zaachila"],"jetpack_featured_media_url":"https:\/\/zonaroja.com.mx\/wp-content\/uploads\/2022\/02\/Asesinado-Villa-de-Zaachila.jpg","jetpack_sharing_enabled":true,"_links":{"self":[{"href":"https:\/\/zonaroja.com.mx\/index.php?rest_route=\/wp\/v2\/posts\/37174","targetHints":{"allow":["GET"]}}],"collection":[{"href":"https:\/\/zonaroja.com.mx\/index.php?rest_route=\/wp\/v2\/posts"}],"about":[{"href":"https:\/\/zonaroja.com.mx\/index.php?rest_route=\/wp\/v2\/types\/post"}],"author":[{"embeddable":true,"href":"https:\/\/zonaroja.com.mx\/index.php?rest_route=\/wp\/v2\/users\/2"}],"replies":[{"embeddable":true,"href":"https:\/\/zonaroja.com.mx\/index.php?rest_route=%2Fwp%2Fv2%2Fcomments&post=37174"}],"version-history":[{"count":1,"href":"https:\/\/zonaroja.com.mx\/index.php?rest_route=\/wp\/v2\/posts\/37174\/revisions"}],"predecessor-version":[{"id":37176,"href":"https:\/\/zonaroja.com.mx\/index.php?rest_route=\/wp\/v2\/posts\/37174\/revisions\/37176"}],"wp:featuredmedia":[{"embeddable":true,"href":"https:\/\/zonaroja.com.mx\/index.php?rest_route=\/wp\/v2\/media\/37175"}],"wp:attachment":[{"href":"https:\/\/zonaroja.com.mx\/index.php?rest_route=%2Fwp%2Fv2%2Fmedia&parent=37174"}],"wp:term":[{"taxonomy":"category","embeddable":true,"href":"https:\/\/zonaroja.com.mx\/index.php?rest_route=%2Fwp%2Fv2%2Fcategories&post=37174"},{"taxonomy":"post_tag","embeddable":true,"href":"https:\/\/zonaroja.com.mx\/index.php?rest_route=%2Fwp%2Fv2%2Ftags&post=37174"}],"curies":[{"name":"wp","href":"https:\/\/api.w.org\/{rel}","templated":true}]}}