{"id":37188,"date":"2022-02-04T07:55:35","date_gmt":"2022-02-04T13:55:35","guid":{"rendered":"http:\/\/www.zonaroja.com.mx\/?p=37188"},"modified":"2022-02-04T07:55:38","modified_gmt":"2022-02-04T13:55:38","slug":"crecen-denuncias-contra-deudores-alimentarios-van-8-mas-en-menos-de-un-mes","status":"publish","type":"post","link":"https:\/\/zonaroja.com.mx\/?p=37188","title":{"rendered":"Crecen denuncias contra deudores alimentarios; van 8 m\u00e1s en menos de un mes"},"content":{"rendered":"\n<p>Yuridiana Sosa\/Zona Roja.<\/p>\n\n\n\n<p>Oaxaca de Ju\u00e1rez, Oax., 4 de febrero de 2022.- Las denuncias p\u00fablicas de madres de familia por medio del colectivo \u201cDeudores alimentarios Oaxaca\u201d sigue creciendo, y en el transcurso de menos de un mes de este 2022, se han presentado ocho se\u00f1alamientos de padres que evaden su responsabilidad, entre los que se incluye al edil de Santa Mar\u00eda Huatulco, Jos\u00e9 Hern\u00e1ndez C\u00e1rdenas.<\/p>\n\n\n\n<p>Tras una larga lucha legal de por lo menos siete a\u00f1os para conseguir la manutenci\u00f3n de su hija, sin \u00e9xito, la ex pareja del edil de Morena denunci\u00f3 de forma p\u00fablica la omisi\u00f3n e influyentismo del pol\u00edtico para echar abajo todas sus denuncias.<\/p>\n\n\n\n<p>La madre de una joven de 18 a\u00f1os de edad, Erika Rodr\u00edguez, demand\u00f3 el apoyo de organismos civiles a favor de la mujer para avanzar en su caso y exigi\u00f3 a las autoridades estatales correspondientes revisar su caso con imparcialidad y aplicar la justicia correspondiente al ser un funcionario.<\/p>\n\n\n\n<p>Recientemente en la capital del estado, hasta donde acudi\u00f3 por ayuda, la mujer expres\u00f3 impotencia ante este proceso, sobre todo ahora que Hern\u00e1ndez C\u00e1rdenas es una autoridad municipal.<\/p>\n\n\n\n<p>De acuerdo con la madre, Jos\u00e9 Hern\u00e1ndez la abandon\u00f3 a ella y a su hija hace 15 a\u00f1os, omitiendo cualquier responsabilidad. La pareja logr\u00f3 el divorcio, pero la madre no consigui\u00f3 que el padre cumpliera con la manutenci\u00f3n de la menor, quien actualmente con la mayor\u00eda de edad demanda el dinero para continuar con sus estudios.<\/p>\n\n\n\n<p>OTROS CASOS<\/p>\n\n\n\n<p>Este a\u00f1o \u201cDeudores alimentarios Oaxaca\u201d anunci\u00f3 que continuar\u00e1 su lucha para lograr justicia por los menores y las madres que siguen en demanda de sus derechos ante la ausencia irresponsable de un padre.<\/p>\n\n\n\n<p>Desde el pasado 19 de enero a la fecha, la p\u00e1gina de este colectivo ha sumado la denuncia p\u00fablica de ocho varones, que en algunos casos ha evadido sus responsabilidades desde hace m\u00e1s de 15 a\u00f1os a pesar de las sentencias definitivas sobre la pensi\u00f3n alimenticia.<\/p>\n\n\n\n<p>En algunos casos, se expone que los padres cambian de domicilio para no ser notificados de sus demandas o renuncian a sus puestos de trabajo para no presentar ingresos.<\/p>\n","protected":false},"excerpt":{"rendered":"<p>Yuridiana Sosa\/Zona Roja. Oaxaca de Ju\u00e1rez, Oax., 4 de febrero de 2022.- Las denuncias p\u00fablicas&hellip;<\/p>\n","protected":false},"author":2,"featured_media":33422,"comment_status":"closed","ping_status":"open","sticky":false,"template":"","format":"standard","meta":{"_lmt_disableupdate":"","_lmt_disable":"","_jetpack_memberships_contains_paid_content":false,"footnotes":""},"categories":[109,47],"tags":[3016],"class_list":["post-37188","post","type-post","status-publish","format-standard","has-post-thumbnail","hentry","category-minuto-a-minuto","category-zona-gris","tag-jose-hernandez-cardenas"],"jetpack_featured_media_url":"https:\/\/zonaroja.com.mx\/wp-content\/uploads\/2021\/10\/Deudores-alimentarios.jpg","jetpack_sharing_enabled":true,"_links":{"self":[{"href":"https:\/\/zonaroja.com.mx\/index.php?rest_route=\/wp\/v2\/posts\/37188","targetHints":{"allow":["GET"]}}],"collection":[{"href":"https:\/\/zonaroja.com.mx\/index.php?rest_route=\/wp\/v2\/posts"}],"about":[{"href":"https:\/\/zonaroja.com.mx\/index.php?rest_route=\/wp\/v2\/types\/post"}],"author":[{"embeddable":true,"href":"https:\/\/zonaroja.com.mx\/index.php?rest_route=\/wp\/v2\/users\/2"}],"replies":[{"embeddable":true,"href":"https:\/\/zonaroja.com.mx\/index.php?rest_route=%2Fwp%2Fv2%2Fcomments&post=37188"}],"version-history":[{"count":1,"href":"https:\/\/zonaroja.com.mx\/index.php?rest_route=\/wp\/v2\/posts\/37188\/revisions"}],"predecessor-version":[{"id":37189,"href":"https:\/\/zonaroja.com.mx\/index.php?rest_route=\/wp\/v2\/posts\/37188\/revisions\/37189"}],"wp:featuredmedia":[{"embeddable":true,"href":"https:\/\/zonaroja.com.mx\/index.php?rest_route=\/wp\/v2\/media\/33422"}],"wp:attachment":[{"href":"https:\/\/zonaroja.com.mx\/index.php?rest_route=%2Fwp%2Fv2%2Fmedia&parent=37188"}],"wp:term":[{"taxonomy":"category","embeddable":true,"href":"https:\/\/zonaroja.com.mx\/index.php?rest_route=%2Fwp%2Fv2%2Fcategories&post=37188"},{"taxonomy":"post_tag","embeddable":true,"href":"https:\/\/zonaroja.com.mx\/index.php?rest_route=%2Fwp%2Fv2%2Ftags&post=37188"}],"curies":[{"name":"wp","href":"https:\/\/api.w.org\/{rel}","templated":true}]}}