{"id":37201,"date":"2022-02-04T16:45:56","date_gmt":"2022-02-04T22:45:56","guid":{"rendered":"http:\/\/www.zonaroja.com.mx\/?p=37201"},"modified":"2022-02-04T16:45:59","modified_gmt":"2022-02-04T22:45:59","slug":"pide-congreso-a-fiscalia-a-garantizar-justicia-en-caso-de-abuso-sexual-a-menor","status":"publish","type":"post","link":"https:\/\/zonaroja.com.mx\/?p=37201","title":{"rendered":"Pide Congreso a Fiscal\u00eda a garantizar justicia en caso de abuso sexual a menor"},"content":{"rendered":"\n<p>Redacci\u00f3n\/Zona Roja.<\/p>\n\n\n\n<p>Oaxaca de Ju\u00e1rez, Oax. 2 de febrero de 2022.- El Congreso oaxaque\u00f1o inst\u00f3 al titular de la Fiscal\u00eda General de Justicia del Estado de Oaxaca para que en el caso de abuso sexual a una menor de edad, originaria del municipio de San Juan Colorado, Jamiltepec se garantice el acceso a la justicia a la menor y a sus familiares.<\/p>\n\n\n\n<p>El Punto de Acuerdo presentado por la diputada Tania Caballero Navarro, del grupo parlamentario de Morena, fue aprobado con 30 votos a favor y considerado de urgente y obvia resoluci\u00f3n por las y los diputados.<\/p>\n\n\n\n<p>Solicit\u00f3 la legisladora que se realicen todas las investigaciones conforme a derecho y atendiendo al principio del inter\u00e9s superior de la ni\u00f1ez, as\u00ed tambi\u00e9n se investigue el actuar de las autoridades&nbsp; que han intervenido en el caso para evitar que existan omisiones y violaciones a los derechos humanos de la menor.<\/p>\n\n\n\n<p>En su intervenci\u00f3n, la diputada precis\u00f3 \u201cno podemos pasar por alto los sucesos ocurridos en nuestra entidad, en d\u00edas pasados, a trav\u00e9s de diversos medios de comunicaci\u00f3n nos enteramos del caso de una menor de edad, v\u00edctima de maltrato f\u00edsico, embarazo por violaci\u00f3n y trata de persona\u201d.<\/p>\n\n\n\n<p>Agreg\u00f3 que es preciso se\u00f1alar que a trav\u00e9s de un comunicado, diversas activistas y defensoras de derechos humanos de las mujeres e infancias, se pronunciaron para exigir justicia a favor de la menor.<\/p>\n\n\n\n<p>Mencion\u00f3 que de estos hechos ha tenido conocimiento la Fiscal\u00eda local de Santiago Pinotepa Nacional, el Centro de Justicia para Mujeres, sin que a la fecha exista avance en la investigaci\u00f3n.<\/p>\n","protected":false},"excerpt":{"rendered":"<p>Redacci\u00f3n\/Zona Roja. Oaxaca de Ju\u00e1rez, Oax. 2 de febrero de 2022.- El Congreso oaxaque\u00f1o inst\u00f3&hellip;<\/p>\n","protected":false},"author":2,"featured_media":36685,"comment_status":"closed","ping_status":"open","sticky":false,"template":"","format":"standard","meta":{"_lmt_disableupdate":"","_lmt_disable":"","_jetpack_memberships_contains_paid_content":false,"footnotes":""},"categories":[109,47],"tags":[],"class_list":["post-37201","post","type-post","status-publish","format-standard","has-post-thumbnail","hentry","category-minuto-a-minuto","category-zona-gris"],"jetpack_featured_media_url":"https:\/\/zonaroja.com.mx\/wp-content\/uploads\/2022\/01\/Getsemani-Quiroz-Jarcia-San-Juan-Colorado.jpg","jetpack_sharing_enabled":true,"_links":{"self":[{"href":"https:\/\/zonaroja.com.mx\/index.php?rest_route=\/wp\/v2\/posts\/37201","targetHints":{"allow":["GET"]}}],"collection":[{"href":"https:\/\/zonaroja.com.mx\/index.php?rest_route=\/wp\/v2\/posts"}],"about":[{"href":"https:\/\/zonaroja.com.mx\/index.php?rest_route=\/wp\/v2\/types\/post"}],"author":[{"embeddable":true,"href":"https:\/\/zonaroja.com.mx\/index.php?rest_route=\/wp\/v2\/users\/2"}],"replies":[{"embeddable":true,"href":"https:\/\/zonaroja.com.mx\/index.php?rest_route=%2Fwp%2Fv2%2Fcomments&post=37201"}],"version-history":[{"count":1,"href":"https:\/\/zonaroja.com.mx\/index.php?rest_route=\/wp\/v2\/posts\/37201\/revisions"}],"predecessor-version":[{"id":37202,"href":"https:\/\/zonaroja.com.mx\/index.php?rest_route=\/wp\/v2\/posts\/37201\/revisions\/37202"}],"wp:featuredmedia":[{"embeddable":true,"href":"https:\/\/zonaroja.com.mx\/index.php?rest_route=\/wp\/v2\/media\/36685"}],"wp:attachment":[{"href":"https:\/\/zonaroja.com.mx\/index.php?rest_route=%2Fwp%2Fv2%2Fmedia&parent=37201"}],"wp:term":[{"taxonomy":"category","embeddable":true,"href":"https:\/\/zonaroja.com.mx\/index.php?rest_route=%2Fwp%2Fv2%2Fcategories&post=37201"},{"taxonomy":"post_tag","embeddable":true,"href":"https:\/\/zonaroja.com.mx\/index.php?rest_route=%2Fwp%2Fv2%2Ftags&post=37201"}],"curies":[{"name":"wp","href":"https:\/\/api.w.org\/{rel}","templated":true}]}}