{"id":37203,"date":"2022-02-04T17:05:59","date_gmt":"2022-02-04T23:05:59","guid":{"rendered":"http:\/\/www.zonaroja.com.mx\/?p=37203"},"modified":"2022-02-04T17:06:02","modified_gmt":"2022-02-04T23:06:02","slug":"ambulantes-solo-cambian-de-calles-y-con-nuevos-permisos-en-la-capital","status":"publish","type":"post","link":"https:\/\/zonaroja.com.mx\/?p=37203","title":{"rendered":"Ambulantes s\u00f3lo cambian de calles y con nuevos permisos en la capital"},"content":{"rendered":"\n<p>Yuridiana Sosa\/Zona Roja.<\/p>\n\n\n\n<p>Oaxaca de Ju\u00e1rez, Oax., 4 de febrero de 2022.- Los vendedores ambulantes en la capital de Oaxaca han impuesto su voluntad sobre la determinaci\u00f3n del gobierno municipal para liberar las calles del Centro Hist\u00f3rico, quienes con nuevos permisos se reinstalan en una nueva calle de esta misma zona.<\/p>\n\n\n\n<p>Desde temprana hora de este viernes, en el quinto d\u00eda de operativo para el reordenamiento del comercio informal, un grupo de vendedores comenz\u00f3 la instalaci\u00f3n de sus puestos en la calle Berrioz\u00e1bal, a un costado del jard\u00edn Etnobot\u00e1nico del Centro Cultural Santo Domingo.<\/p>\n\n\n\n<p>Algunas estructuras de metal y madera fueron armadas, mientras que otros m\u00e1s s\u00f3lo apartaron sus espacios, los cuales, aseguraron, fueron aprobados por el ayuntamiento de Oaxaca de Ju\u00e1rez, que encabeza Francisco Mart\u00ednez Neri.<\/p>\n\n\n\n<p>El grupo de vendedores que ahora comparten espacio con el emblem\u00e1tico Centro Cultural son en su mayor\u00eda triquis que fueron desalojados el pasado lunes de la calle de Gurri\u00f3n, conocida como jard\u00edn \u201cEl Pa\u00f1uelito\u201d, calle paralela a donde se ubican actualmente.<\/p>\n\n\n\n<figure class=\"wp-block-embed is-type-rich is-provider-twitter wp-block-embed-twitter\"><div class=\"wp-block-embed__wrapper\">\n<div class=\"twitter-tweet\"><blockquote class=\"twitter-tweet\" data-lang=\"es\"><p lang=\"es\" dir=\"ltr\"><a href=\"https:\/\/twitter.com\/hashtag\/%C3%9AltimoMinuto?src=hash&amp;ref_src=twsrc%5Etfw\">#\u00daltimoMinuto<\/a> <br>Al igual que lo hizo Oswaldo Garc\u00eda Jarqu\u00edn, el municipio de <a href=\"https:\/\/twitter.com\/FMartinezNeri?ref_src=twsrc%5Etfw\">@FMartinezNeri<\/a> s\u00f3lo reubica de un lugar a otro a los vendedores ambulantes.<br>Ahora les permite ubicarse en la calle de Berrioz\u00e1bal, a un costado del Centro Cultural Santo Domingo, inmueble hist\u00f3rico. <a href=\"https:\/\/t.co\/gp5tP4HcV2\">pic.twitter.com\/gp5tP4HcV2<\/a><\/p>&mdash; Zona Roja Oaxaca (@Zona_Roja_Oax) <a href=\"https:\/\/twitter.com\/Zona_Roja_Oax\/status\/1489651583491190787?ref_src=twsrc%5Etfw\">4 de febrero de 2022<\/a><\/blockquote><\/div>\n<\/div><\/figure>\n\n\n\n<p>Por cuenta propia, al no contar con ese espacio a un costado del templo de Santo Domingo se instalaron por algunos d\u00edas en la calle de Reforma, en ese mismo entorno del recinto colonial.<\/p>\n\n\n\n<p>Hasta que este d\u00eda lograron un nuevo espacio que s\u00f3lo evidencia que es un operativo migratorio dentro del mismo Centro Hist\u00f3rico y que la voluntad de los vendedores informales por permanecer en esa zona, gan\u00f3.<\/p>\n\n\n\n<p>Lo mismo ha ocurrido con otros grupos de comerciantes en la v\u00eda p\u00fablica que han impuesto sus argumentos sobre el plan de las autoridades municipales, permiti\u00e9ndoles su permanencia en los mismos sitios donde el operativo fue implementado.<\/p>\n\n\n\n<p>A esto se suma, la insistencia del grupo de la organizaci\u00f3n Frente Popular \u201c14 de Junio\u201d, que con plant\u00f3n en la Plaza de la Danza, frente al Palacio Municipal, buscan doblegar a la autoridad.<\/p>\n","protected":false},"excerpt":{"rendered":"<p>Yuridiana Sosa\/Zona Roja. Oaxaca de Ju\u00e1rez, Oax., 4 de febrero de 2022.- Los vendedores ambulantes&hellip;<\/p>\n","protected":false},"author":2,"featured_media":37204,"comment_status":"closed","ping_status":"open","sticky":false,"template":"","format":"standard","meta":{"_lmt_disableupdate":"","_lmt_disable":"","_jetpack_memberships_contains_paid_content":false,"footnotes":""},"categories":[109,47],"tags":[148],"class_list":["post-37203","post","type-post","status-publish","format-standard","has-post-thumbnail","hentry","category-minuto-a-minuto","category-zona-gris","tag-oaxaca-de-juarez"],"jetpack_featured_media_url":"https:\/\/zonaroja.com.mx\/wp-content\/uploads\/2022\/02\/Ambulantes-calle-Berriozabal.jpg","jetpack_sharing_enabled":true,"_links":{"self":[{"href":"https:\/\/zonaroja.com.mx\/index.php?rest_route=\/wp\/v2\/posts\/37203","targetHints":{"allow":["GET"]}}],"collection":[{"href":"https:\/\/zonaroja.com.mx\/index.php?rest_route=\/wp\/v2\/posts"}],"about":[{"href":"https:\/\/zonaroja.com.mx\/index.php?rest_route=\/wp\/v2\/types\/post"}],"author":[{"embeddable":true,"href":"https:\/\/zonaroja.com.mx\/index.php?rest_route=\/wp\/v2\/users\/2"}],"replies":[{"embeddable":true,"href":"https:\/\/zonaroja.com.mx\/index.php?rest_route=%2Fwp%2Fv2%2Fcomments&post=37203"}],"version-history":[{"count":1,"href":"https:\/\/zonaroja.com.mx\/index.php?rest_route=\/wp\/v2\/posts\/37203\/revisions"}],"predecessor-version":[{"id":37205,"href":"https:\/\/zonaroja.com.mx\/index.php?rest_route=\/wp\/v2\/posts\/37203\/revisions\/37205"}],"wp:featuredmedia":[{"embeddable":true,"href":"https:\/\/zonaroja.com.mx\/index.php?rest_route=\/wp\/v2\/media\/37204"}],"wp:attachment":[{"href":"https:\/\/zonaroja.com.mx\/index.php?rest_route=%2Fwp%2Fv2%2Fmedia&parent=37203"}],"wp:term":[{"taxonomy":"category","embeddable":true,"href":"https:\/\/zonaroja.com.mx\/index.php?rest_route=%2Fwp%2Fv2%2Fcategories&post=37203"},{"taxonomy":"post_tag","embeddable":true,"href":"https:\/\/zonaroja.com.mx\/index.php?rest_route=%2Fwp%2Fv2%2Ftags&post=37203"}],"curies":[{"name":"wp","href":"https:\/\/api.w.org\/{rel}","templated":true}]}}