{"id":37208,"date":"2022-02-04T21:31:01","date_gmt":"2022-02-05T03:31:01","guid":{"rendered":"http:\/\/www.zonaroja.com.mx\/?p=37208"},"modified":"2022-02-04T21:31:04","modified_gmt":"2022-02-05T03:31:04","slug":"vencen-sindicalizados-de-salina-cruz-a-edil-morenista","status":"publish","type":"post","link":"https:\/\/zonaroja.com.mx\/?p=37208","title":{"rendered":"Vencen sindicalizados de Salina Cruz a edil morenista"},"content":{"rendered":"\n<p>Yuridiana Sosa\/Zona Roja.<\/p>\n\n\n\n<p>Oaxaca de Ju\u00e1rez, Oax., 04 de febrero de 2022.- Luego de al menos cuatro d\u00edas de paro de labores, trabajadores sindicalizados del ayuntamiento de Salina Cruz vencieron al presidente municipal.<\/p>\n\n\n\n<p>El edil surgido de Morena, Daniel M\u00e9ndez Sosa, acept\u00f3 esta noche desistir de las acciones legales en contra de los empleados; pagar\u00e1 salarios retenidos y revisar\u00e1 las dem\u00e1s demandas pendientes.<\/p>\n\n\n\n<p>Previo a ello, en el problema laboral intervino la Secretar\u00eda General de Gobierno, luego de no concretarse un encuentro entre el presidente y la base trabajadora, por lo que este viernes las dirigencias de los Sindicatos \u201c3 de Marzo\u201d y \u201c4 de Abril\u201d, se reunieron con la dependencia en la capital oaxaque\u00f1a.<\/p>\n\n\n\n<p>Como parte de este encuentro, la autoridad estatal convenci\u00f3 a los sindicalizados, a cambio de continuar el di\u00e1logo, que comenzaron con el levantamiento de basura acumulada durante los cuatro d\u00edas de paro laboral con el cual qued\u00f3 suspendido este servicio.<\/p>\n\n\n\n<p>Representantes sindicales en Salina Cruz apuntaron que como muestra de su voluntad para alcanzar la soluci\u00f3n de sus demandas accedieron a la recolecci\u00f3n de desechos, pero \u00fanicamente en una parte de la zona centro del municipio.<\/p>\n\n\n\n<p>Desde el pasado 1 de febrero al menos 600 trabajadores para demandar el pago de sus quincenas del mes de enero y el reconocimiento a trabajadores reinstalaci\u00f3n en noviembre pasado tras un litigio laboral ganado en la Junta de Conciliaci\u00f3n.<\/p>\n","protected":false},"excerpt":{"rendered":"<p>Yuridiana Sosa\/Zona Roja. Oaxaca de Ju\u00e1rez, Oax., 04 de febrero de 2022.- Luego de al&hellip;<\/p>\n","protected":false},"author":2,"featured_media":37209,"comment_status":"closed","ping_status":"open","sticky":false,"template":"","format":"standard","meta":{"_lmt_disableupdate":"","_lmt_disable":"","_jetpack_memberships_contains_paid_content":false,"footnotes":""},"categories":[109,47],"tags":[2738,168],"class_list":["post-37208","post","type-post","status-publish","format-standard","has-post-thumbnail","hentry","category-minuto-a-minuto","category-zona-gris","tag-daniel-mendez-sosa","tag-salina-cruz"],"jetpack_featured_media_url":"https:\/\/zonaroja.com.mx\/wp-content\/uploads\/2022\/02\/Daniel-Mendez-Sosa-Salina-CRuz.jpg","jetpack_sharing_enabled":true,"_links":{"self":[{"href":"https:\/\/zonaroja.com.mx\/index.php?rest_route=\/wp\/v2\/posts\/37208","targetHints":{"allow":["GET"]}}],"collection":[{"href":"https:\/\/zonaroja.com.mx\/index.php?rest_route=\/wp\/v2\/posts"}],"about":[{"href":"https:\/\/zonaroja.com.mx\/index.php?rest_route=\/wp\/v2\/types\/post"}],"author":[{"embeddable":true,"href":"https:\/\/zonaroja.com.mx\/index.php?rest_route=\/wp\/v2\/users\/2"}],"replies":[{"embeddable":true,"href":"https:\/\/zonaroja.com.mx\/index.php?rest_route=%2Fwp%2Fv2%2Fcomments&post=37208"}],"version-history":[{"count":1,"href":"https:\/\/zonaroja.com.mx\/index.php?rest_route=\/wp\/v2\/posts\/37208\/revisions"}],"predecessor-version":[{"id":37210,"href":"https:\/\/zonaroja.com.mx\/index.php?rest_route=\/wp\/v2\/posts\/37208\/revisions\/37210"}],"wp:featuredmedia":[{"embeddable":true,"href":"https:\/\/zonaroja.com.mx\/index.php?rest_route=\/wp\/v2\/media\/37209"}],"wp:attachment":[{"href":"https:\/\/zonaroja.com.mx\/index.php?rest_route=%2Fwp%2Fv2%2Fmedia&parent=37208"}],"wp:term":[{"taxonomy":"category","embeddable":true,"href":"https:\/\/zonaroja.com.mx\/index.php?rest_route=%2Fwp%2Fv2%2Fcategories&post=37208"},{"taxonomy":"post_tag","embeddable":true,"href":"https:\/\/zonaroja.com.mx\/index.php?rest_route=%2Fwp%2Fv2%2Ftags&post=37208"}],"curies":[{"name":"wp","href":"https:\/\/api.w.org\/{rel}","templated":true}]}}