{"id":3721,"date":"2019-09-05T22:32:49","date_gmt":"2019-09-06T03:32:49","guid":{"rendered":"http:\/\/www.zonaroja.com.mx\/?p=3721"},"modified":"2019-09-05T22:32:51","modified_gmt":"2019-09-06T03:32:51","slug":"quiere-diputado-que-se-califique-y-se-acepte-o-rechace-informe-de-gobernador","status":"publish","type":"post","link":"https:\/\/zonaroja.com.mx\/?p=3721","title":{"rendered":"Quiere diputado que se califique y se acepte o rechace informe de gobernador"},"content":{"rendered":"\n<p>Redacci\u00f3n\/Zona\nRoja.<\/p>\n\n\n\n<p>Oaxaca de\nJu\u00e1rez, Oax., 6 de septiembre de 2019.- <\/p>\n\n\n\n<p>El pr\u00f3ximo\ninforme que rinda el titular del Poder Ejecutivo estatal se deber\u00e1 calificar\ncomo aceptado o rechazado: procedente y viable, desproporcionado o inaceptable,\npropuso el diputado local C\u00e9sar Morales Ni\u00f1o.<\/p>\n\n\n\n<p>El\nlegislador por el Partido del Trabajo plante\u00f3 una iniciativa para modificar el\nformato de informe de gobierno en Oaxaca, con la intenci\u00f3n de que sea un\nrecurso de fiscalizaci\u00f3n y rendici\u00f3n de cuentas acorde a los tiempos actuales.<\/p>\n\n\n\n<p>Se trata de\nuna iniciativa con propuesta de reforma por el que se adiciona un cuarto\np\u00e1rrafo al art\u00edculo 43 de la Constituci\u00f3n Pol\u00edtica del Estado, y adecua\ndiversas disposiciones de la Ley Org\u00e1nica del Poder Legislativo, y del\nReglamento Interior de este&nbsp; Congreso.<\/p>\n\n\n\n<p>En dicha\npropuesta se considera que, una vez recibido el informe de labores del titular\ndel Poder Ejecutivo, el presidente de la Mesa Directiva proceder\u00e1 a turnar\ndicho escrito a la Comisi\u00f3n Permanente de Estudios Constitucionales para su\npuntual dictaminaci\u00f3n, mismo que \u00fanicamente deber\u00e1 referirse a tres\ncalificaciones sobre el estado que guarda la administraci\u00f3n p\u00fablica estatal:\nprocedente y viable, desproporcionado, o inaceptable.<\/p>\n\n\n\n<p>De acuerdo\ncon el diputado local, la propuesta representa un nuevo marco jur\u00eddico para la\nverdadera rendici\u00f3n de cuentas a trav\u00e9s de la medici\u00f3n de la eficacia,\neficiencia, transparencia, honradez en la aplicaci\u00f3n de los recursos p\u00fablicos,\nas\u00ed tambi\u00e9n en la calidad de indicadores de gesti\u00f3n y los avances estrat\u00e9gicos\npara el cumplimiento de las metas mostradas en los programas presupuestarios.<\/p>\n\n\n\n<p>\u201cLo que se\npretende es erradicar la pr\u00e1ctica&nbsp; actual\nde los y las titulares de las diversas \u00e1reas de la administraci\u00f3n p\u00fablica\nestatal, de solo venir al Congreso a dar cifras, estad\u00edsticas, n\u00fameros y\ndiversa informaci\u00f3n sin ning\u00fan respaldo ver\u00eddico, porque en caso de hacerlo,\nahora s\u00ed podr\u00edan ser sancionados por faltar a la verdad\u201d, enuncio en tribuna.<\/p>\n\n\n\n<p>Explic\u00f3 que\nactualmente las comparecencias solo han servido para el lucimiento de las y los\nfuncionarios p\u00fablicos, ya que aunque el total de legisladores detecten y\npuntualicen errores, desaciertos, falsedades, u omisiones en la informaci\u00f3n\npresentada, no existe una consecuencia formal de la examinaci\u00f3n del informe.<\/p>\n\n\n\n<p>\u201cNo existe una verdadera fiscalizaci\u00f3n o escrutinio del mismo y eso tiene que cambiar\u201d dijo. <\/p>\n\n\n\n<p>En caso de\naprobarse la iniciativa, Oaxaca ser\u00eda pionero en el dise\u00f1o de nuevos mecanismos\nde rendici\u00f3n de cuentas, donde los informes de labores sean analizados y\nsancionados por el Congreso, con efectos vinculantes para evitar que sea solo\nuna ventana de promoci\u00f3n del funcionariado p\u00fablico quo muchas veces olvida que\nesta obligado a la rendici\u00f3n de cuentas, transparencia y honestidad.<\/p>\n\n\n\n<p>Cabe se\u00f1alar\nque actualmente el formato establecido consiste en que el Gobernador del\nEstado, cada 15 de noviembre en sesi\u00f3n solemne, entrega por escrito ante este\nCongreso un informe del estado que guarda la administraci\u00f3n p\u00fablica del Poder\nEjecutivo y posteriormente se programan las comparecencias con el funcionariado\np\u00fablico para ampliar la informaci\u00f3n.<\/p>\n","protected":false},"excerpt":{"rendered":"<p>Redacci\u00f3n\/Zona Roja. Oaxaca de Ju\u00e1rez, Oax., 6 de septiembre de 2019.- El pr\u00f3ximo informe que&hellip;<\/p>\n","protected":false},"author":2,"featured_media":3722,"comment_status":"closed","ping_status":"open","sticky":false,"template":"","format":"standard","meta":{"_lmt_disableupdate":"","_lmt_disable":"","_jetpack_memberships_contains_paid_content":false,"footnotes":""},"categories":[109,47],"tags":[612],"class_list":["post-3721","post","type-post","status-publish","format-standard","has-post-thumbnail","hentry","category-minuto-a-minuto","category-zona-gris","tag-cesar-morales-nino"],"jetpack_featured_media_url":"https:\/\/zonaroja.com.mx\/wp-content\/uploads\/2019\/09\/C\u00e9sar-Morales-Ni\u00f1o-2.jpg","jetpack_sharing_enabled":true,"_links":{"self":[{"href":"https:\/\/zonaroja.com.mx\/index.php?rest_route=\/wp\/v2\/posts\/3721","targetHints":{"allow":["GET"]}}],"collection":[{"href":"https:\/\/zonaroja.com.mx\/index.php?rest_route=\/wp\/v2\/posts"}],"about":[{"href":"https:\/\/zonaroja.com.mx\/index.php?rest_route=\/wp\/v2\/types\/post"}],"author":[{"embeddable":true,"href":"https:\/\/zonaroja.com.mx\/index.php?rest_route=\/wp\/v2\/users\/2"}],"replies":[{"embeddable":true,"href":"https:\/\/zonaroja.com.mx\/index.php?rest_route=%2Fwp%2Fv2%2Fcomments&post=3721"}],"version-history":[{"count":1,"href":"https:\/\/zonaroja.com.mx\/index.php?rest_route=\/wp\/v2\/posts\/3721\/revisions"}],"predecessor-version":[{"id":3723,"href":"https:\/\/zonaroja.com.mx\/index.php?rest_route=\/wp\/v2\/posts\/3721\/revisions\/3723"}],"wp:featuredmedia":[{"embeddable":true,"href":"https:\/\/zonaroja.com.mx\/index.php?rest_route=\/wp\/v2\/media\/3722"}],"wp:attachment":[{"href":"https:\/\/zonaroja.com.mx\/index.php?rest_route=%2Fwp%2Fv2%2Fmedia&parent=3721"}],"wp:term":[{"taxonomy":"category","embeddable":true,"href":"https:\/\/zonaroja.com.mx\/index.php?rest_route=%2Fwp%2Fv2%2Fcategories&post=3721"},{"taxonomy":"post_tag","embeddable":true,"href":"https:\/\/zonaroja.com.mx\/index.php?rest_route=%2Fwp%2Fv2%2Ftags&post=3721"}],"curies":[{"name":"wp","href":"https:\/\/api.w.org\/{rel}","templated":true}]}}