{"id":37211,"date":"2022-02-04T22:13:21","date_gmt":"2022-02-05T04:13:21","guid":{"rendered":"http:\/\/www.zonaroja.com.mx\/?p=37211"},"modified":"2022-02-04T22:13:23","modified_gmt":"2022-02-05T04:13:23","slug":"con-el-pie-izquierdo-arranco-frente-obradorista-de-oaxaca","status":"publish","type":"post","link":"https:\/\/zonaroja.com.mx\/?p=37211","title":{"rendered":"Con el pie izquierdo arranc\u00f3 Frente Obradorista de Oaxaca"},"content":{"rendered":"\n<p>Yuridiana Sosa\/Zona Roja.<\/p>\n\n\n\n<p>Oaxaca de Ju\u00e1rez, Oax., 4 de febrero de 2022.- Con un desangelado y desorganizado evento, se constituy\u00f3 este viernes el Frente Obradorista de Oaxaca, el cual minutos despu\u00e9s de su presentaci\u00f3n intent\u00f3 correr a la prensa del lugar a pesar de haberla convocado.<\/p>\n\n\n\n<p>Los integrantes, representantes de las regiones de Valles Centrales, Istmo, Sierra Sur, Mixteca y Costa, entre ellos la ex diputada Local Migdalia Espinoza Manuel, presumieron ser un frente que impulsar\u00e1 la filosof\u00eda del presidente L\u00f3pez Obrador.<\/p>\n\n\n\n<p>Luego de un cuarto de hora de discursos por los l\u00edderes, los representantes de los medios de comunicaci\u00f3n comenzaron sus intervenciones, las cuales se vieron interrumpidas por simpatizantes del frente.<\/p>\n\n\n\n<p>El encuentro no era claro, pues mientras para la prensa se trataba de una conferencia a la que hab\u00edan sido invitados un d\u00eda antes, para el resto de los asistentes era una asamblea que deb\u00eda seguir un protocolo en el que los comunicadores no encajaban.<\/p>\n\n\n\n<figure class=\"wp-block-embed is-type-rich is-provider-twitter wp-block-embed-twitter\"><div class=\"wp-block-embed__wrapper\">\n<div class=\"twitter-tweet\"><blockquote class=\"twitter-tweet\" data-lang=\"es\"><p lang=\"es\" dir=\"ltr\">\u00bfQu\u00e9 le parece? El Frente Obradorista de <a href=\"https:\/\/twitter.com\/hashtag\/Oaxaca?src=hash&amp;ref_src=twsrc%5Etfw\">#Oaxaca<\/a> primero invit\u00f3 a la prensa a su presentaci\u00f3n y despu\u00e9s pr\u00e1cticamente la corrieron, bajo el argumento de que era una asamblea. Ocurri\u00f3 hoy al mediod\u00eda en la capital del estado. <a href=\"https:\/\/t.co\/PCJe3sYDAO\">pic.twitter.com\/PCJe3sYDAO<\/a><\/p>&mdash; Zona Roja Oaxaca (@Zona_Roja_Oax) <a href=\"https:\/\/twitter.com\/Zona_Roja_Oax\/status\/1489746637748641793?ref_src=twsrc%5Etfw\">4 de febrero de 2022<\/a><\/blockquote><\/div>\n<\/div><\/figure>\n\n\n\n<p>\u201c\u00a1Por favor, les quiero pedir a todos los organizadores que se repente el orden del d\u00eda de la asamblea!\u201d, reclam\u00f3 con molestia una mujer que se levant\u00f3 de su lugar ubicado en sillas detr\u00e1s de la fila destinada a los reporteros.<\/p>\n\n\n\n<p>El sentido del evento desarrollado en un sal\u00f3n social en Trinidad de las Huertas en la capital del estado era confuso.<\/p>\n\n\n\n<p>La ex diputada trat\u00f3 de volver el orden y pidi\u00f3 ayuda a la prensa para la difusi\u00f3n de la actividad, la cual trat\u00f3 de retomar con una atenci\u00f3n a\u00fan m\u00e1s amable para dejar atr\u00e1s el incidente, sin embargo, la prensa decidi\u00f3 retirarse.<\/p>\n","protected":false},"excerpt":{"rendered":"<p>Yuridiana Sosa\/Zona Roja. Oaxaca de Ju\u00e1rez, Oax., 4 de febrero de 2022.- Con un desangelado&hellip;<\/p>\n","protected":false},"author":2,"featured_media":37212,"comment_status":"closed","ping_status":"open","sticky":false,"template":"","format":"standard","meta":{"_lmt_disableupdate":"","_lmt_disable":"","_jetpack_memberships_contains_paid_content":false,"footnotes":""},"categories":[109,47],"tags":[3019],"class_list":["post-37211","post","type-post","status-publish","format-standard","has-post-thumbnail","hentry","category-minuto-a-minuto","category-zona-gris","tag-frente-obradorista-de-oaxaca"],"jetpack_featured_media_url":"https:\/\/zonaroja.com.mx\/wp-content\/uploads\/2022\/02\/Conferencia-morenistas.jpg","jetpack_sharing_enabled":true,"_links":{"self":[{"href":"https:\/\/zonaroja.com.mx\/index.php?rest_route=\/wp\/v2\/posts\/37211","targetHints":{"allow":["GET"]}}],"collection":[{"href":"https:\/\/zonaroja.com.mx\/index.php?rest_route=\/wp\/v2\/posts"}],"about":[{"href":"https:\/\/zonaroja.com.mx\/index.php?rest_route=\/wp\/v2\/types\/post"}],"author":[{"embeddable":true,"href":"https:\/\/zonaroja.com.mx\/index.php?rest_route=\/wp\/v2\/users\/2"}],"replies":[{"embeddable":true,"href":"https:\/\/zonaroja.com.mx\/index.php?rest_route=%2Fwp%2Fv2%2Fcomments&post=37211"}],"version-history":[{"count":1,"href":"https:\/\/zonaroja.com.mx\/index.php?rest_route=\/wp\/v2\/posts\/37211\/revisions"}],"predecessor-version":[{"id":37213,"href":"https:\/\/zonaroja.com.mx\/index.php?rest_route=\/wp\/v2\/posts\/37211\/revisions\/37213"}],"wp:featuredmedia":[{"embeddable":true,"href":"https:\/\/zonaroja.com.mx\/index.php?rest_route=\/wp\/v2\/media\/37212"}],"wp:attachment":[{"href":"https:\/\/zonaroja.com.mx\/index.php?rest_route=%2Fwp%2Fv2%2Fmedia&parent=37211"}],"wp:term":[{"taxonomy":"category","embeddable":true,"href":"https:\/\/zonaroja.com.mx\/index.php?rest_route=%2Fwp%2Fv2%2Fcategories&post=37211"},{"taxonomy":"post_tag","embeddable":true,"href":"https:\/\/zonaroja.com.mx\/index.php?rest_route=%2Fwp%2Fv2%2Ftags&post=37211"}],"curies":[{"name":"wp","href":"https:\/\/api.w.org\/{rel}","templated":true}]}}