{"id":37214,"date":"2022-02-04T22:25:48","date_gmt":"2022-02-05T04:25:48","guid":{"rendered":"http:\/\/www.zonaroja.com.mx\/?p=37214"},"modified":"2022-02-04T22:25:51","modified_gmt":"2022-02-05T04:25:51","slug":"regresa-oaxaca-a-semaforo-amarillo-de-covid-hoy-803-contagiados","status":"publish","type":"post","link":"https:\/\/zonaroja.com.mx\/?p=37214","title":{"rendered":"Regresa Oaxaca a sem\u00e1foro amarillo de Covid; hoy 803 contagiados"},"content":{"rendered":"\n<p>Redacci\u00f3n\/Zona Roja.<\/p>\n\n\n\n<p>Oaxaca de Ju\u00e1rez, Oax. 4 de febrero de 2022.- Debido al incremento desmedido de contagios de Covid-19 en los \u00faltimos d\u00edas, la entidad oaxaque\u00f1a de acuerdo al Sem\u00e1foro Epidemiol\u00f3gico Nacional, transitar\u00e1 nuevamente al color amarillo del 7 al 20 de febrero, informaron los Servicios de Salud de Oaxaca (SSO).<\/p>\n\n\n\n<p>Lo cual significa que el riesgo de contagio del coronavirus es medio, por lo que habr\u00e1 m\u00e1s limitaciones en los aforos de los espacios cerrados, la dependencia record\u00f3 que el uso del cubrebocas contin\u00faa siendo obligatorio.<\/p>\n\n\n\n<p>En este sentido, hizo un llamado a las familias oaxaque\u00f1as para hacer \u00e9nfasis en las medidas sanitarias, ya que la pandemia se encuentra activa en 206 municipios del territorio oaxaque\u00f1o, con seis mil 298 personas que cursan actualmente la enfermedad y quienes pueden seguir propagando el virus.<\/p>\n\n\n\n<p>Para este 4 de febrero, Oaxaca alcanz\u00f3 los 104 mil 580 casos acumulados del SARS-CoV-2, con 803 nuevos contagios registrados. Hay, adem\u00e1s un global de cinco mil 788 defunciones, cinco m\u00e1s que el d\u00eda de ayer.<\/p>\n\n\n\n<p>De acuerdo con la dependencia, en cuanto al n\u00famero de recuperados, para esta jornada hay 92 mil 494 pacientes, adem\u00e1s de seis mil 351 casos sospechoso y 77 mil 883 negativos.<\/p>\n\n\n\n<p>Valles Centrales y el Istmo, son las regiones con m\u00e1s n\u00famero de casos activos, tras cuantificar tres mil 723 y mil 106 respectivamente, mientras que Tuxtepec, Costa, Mixteca y Sierra reportan una cantidad menor de casos, 699, 412, 213 y 145 respectivamente.<\/p>\n\n\n\n<p>La disponibilidad de camas a nivel estatal es del 44.3%, hay 188 hospitalizados a causa del SARS-CoV-2, con 10 nuevos ingresos, e increment\u00f3 el n\u00famero de hospitales que trabajan a su m\u00e1xima capacidad, tras reportar este d\u00eda 12 Unidades M\u00e9dicas al 100%.<\/p>\n\n\n\n<figure class=\"wp-block-embed is-type-rich is-provider-twitter wp-block-embed-twitter\"><div class=\"wp-block-embed__wrapper\">\n<div class=\"twitter-tweet\"><blockquote class=\"twitter-tweet\" data-lang=\"es\"><p lang=\"es\" dir=\"ltr\"><a href=\"https:\/\/twitter.com\/hashtag\/%C3%9AltimoMinuto?src=hash&amp;ref_src=twsrc%5Etfw\">#\u00daltimoMinuto<\/a><br>Este viernes, los Servicios de Salud de <a href=\"https:\/\/twitter.com\/hashtag\/Oaxaca?src=hash&amp;ref_src=twsrc%5Etfw\">#Oaxaca<\/a> reportan 803 casos positivos a Covid, 5 decesos y 6 mil 298 casos activos.<br>Suman 104 mil 580 casos confirmados y 5 mil 788 fallecimientos.<br>Sube a 12 los hospitales saturados; la ocupaci\u00f3n hospitalaria, al 44.3%. <a href=\"https:\/\/t.co\/2Yw7YaoYYJ\">pic.twitter.com\/2Yw7YaoYYJ<\/a><\/p>&mdash; Zona Roja Oaxaca (@Zona_Roja_Oax) <a href=\"https:\/\/twitter.com\/Zona_Roja_Oax\/status\/1489806785011716097?ref_src=twsrc%5Etfw\">5 de febrero de 2022<\/a><\/blockquote><\/div>\n<\/div><\/figure>\n\n\n\n<p>Los centros m\u00e9dicos para la atenci\u00f3n de la pandemia en la zona de Valles Centrales y la Mixteca rebasan m\u00e1s de la mitad de ocupaci\u00f3n, tras notificar para esta jornada 54% y 66.7% respectivamente, en tanto Costa, Istmo, y Tuxtepec reportaron 37.5%, 31.8% y 29.5%; mientras que la Sierra es la \u00fanica Jurisdicci\u00f3n Sanitaria que se ha mantenido desde el a\u00f1o pasado sin notificar camas ocupadas.<\/p>\n\n\n\n<p>Para esta jornada las demarcaciones con mayor incidencia de contagios son: Oaxaca de Ju\u00e1rez con 225 casos, San Juan Bautista Tuxtepec con 88, Santa Cruz Xoxocotl\u00e1n con 50, Santa Mar\u00eda Huatulco con 46, Loma Bonita con 25 y Heroica Ciudad de Juchit\u00e1n de Zaragoza con 23, por mencionar algunos, para un total de 96 ayuntamientos con residentes positivos al coronavirus.<\/p>\n\n\n\n<p>Por primera vez la localidad de San Andr\u00e9s Yaa, perteneciente al distrito de Villa Alta, dentro de la regi\u00f3n Sierra Norte, present\u00f3 un contagio.<\/p>\n\n\n\n<p>Por distribuci\u00f3n geogr\u00e1fica, la Jurisdicci\u00f3n Sanitaria de Valles Centrales contabiliza 62 mil 731 acumulados y dos mil 568 defunciones, Istmo 14 mil 983 y mil 235 defunciones, Tuxtepec ocho mil 98 y 582 defunciones, Costa siete mil 390 y 483 defunciones, Mixteca siete mil 958 y 591 defunciones, Sierra tres mil 420 y 329 defunciones.<\/p>\n\n\n\n<p>Los SSO convocan a las y los oaxaque\u00f1os a actuar con responsabilidad para evitar cualquier lugar aglomerado, ventilar los espacios cerrados, no realizar reuniones innecesarias y sobre todo evitar riesgos a la salud, a fin de coadyuvar a la reducci\u00f3n de la propagaci\u00f3n de la pandemia.<\/p>\n\n\n\n<figure class=\"wp-block-embed is-type-rich is-provider-twitter wp-block-embed-twitter\"><div class=\"wp-block-embed__wrapper\">\n<div class=\"twitter-tweet\"><blockquote class=\"twitter-tweet\" data-lang=\"es\"><p lang=\"es\" dir=\"ltr\"><a href=\"https:\/\/twitter.com\/hashtag\/%C3%9AltimoMinuto?src=hash&amp;ref_src=twsrc%5Etfw\">#\u00daltimoMinuto<\/a><br>Tras la intensa ola de Covid-19 en M\u00e9xico, hay modificaciones en el sem\u00e1foro epidemiol\u00f3gico, para la quincena del 7 al 20 de febrero.<br>Quedan 4 estados en verde; suman 13, entre ellos <a href=\"https:\/\/twitter.com\/hashtag\/Oaxaca?src=hash&amp;ref_src=twsrc%5Etfw\">#Oaxaca<\/a>, a amarillo, 15 a naranja y 0 en rojo, reporta este d\u00eda la <a href=\"https:\/\/twitter.com\/SSalud_mx?ref_src=twsrc%5Etfw\">@SSalud_mx<\/a>. <a href=\"https:\/\/t.co\/J6CquifEnS\">pic.twitter.com\/J6CquifEnS<\/a><\/p>&mdash; Zona Roja Oaxaca (@Zona_Roja_Oax) <a href=\"https:\/\/twitter.com\/Zona_Roja_Oax\/status\/1489773731882885123?ref_src=twsrc%5Etfw\">5 de febrero de 2022<\/a><\/blockquote><\/div>\n<\/div><\/figure>\n\n\n\n<p>(Comunicado)<\/p>\n","protected":false},"excerpt":{"rendered":"<p>Redacci\u00f3n\/Zona Roja. Oaxaca de Ju\u00e1rez, Oax. 4 de febrero de 2022.- Debido al incremento desmedido&hellip;<\/p>\n","protected":false},"author":2,"featured_media":37215,"comment_status":"closed","ping_status":"open","sticky":false,"template":"","format":"standard","meta":{"_lmt_disableupdate":"","_lmt_disable":"","_jetpack_memberships_contains_paid_content":false,"footnotes":""},"categories":[109,47],"tags":[1512],"class_list":["post-37214","post","type-post","status-publish","format-standard","has-post-thumbnail","hentry","category-minuto-a-minuto","category-zona-gris","tag-coronavirus-oaxaca"],"jetpack_featured_media_url":"https:\/\/zonaroja.com.mx\/wp-content\/uploads\/2022\/02\/04-de-febrero-de-2022.-Comunicado-Tecnico-COVID-19.jpg","jetpack_sharing_enabled":true,"_links":{"self":[{"href":"https:\/\/zonaroja.com.mx\/index.php?rest_route=\/wp\/v2\/posts\/37214","targetHints":{"allow":["GET"]}}],"collection":[{"href":"https:\/\/zonaroja.com.mx\/index.php?rest_route=\/wp\/v2\/posts"}],"about":[{"href":"https:\/\/zonaroja.com.mx\/index.php?rest_route=\/wp\/v2\/types\/post"}],"author":[{"embeddable":true,"href":"https:\/\/zonaroja.com.mx\/index.php?rest_route=\/wp\/v2\/users\/2"}],"replies":[{"embeddable":true,"href":"https:\/\/zonaroja.com.mx\/index.php?rest_route=%2Fwp%2Fv2%2Fcomments&post=37214"}],"version-history":[{"count":1,"href":"https:\/\/zonaroja.com.mx\/index.php?rest_route=\/wp\/v2\/posts\/37214\/revisions"}],"predecessor-version":[{"id":37216,"href":"https:\/\/zonaroja.com.mx\/index.php?rest_route=\/wp\/v2\/posts\/37214\/revisions\/37216"}],"wp:featuredmedia":[{"embeddable":true,"href":"https:\/\/zonaroja.com.mx\/index.php?rest_route=\/wp\/v2\/media\/37215"}],"wp:attachment":[{"href":"https:\/\/zonaroja.com.mx\/index.php?rest_route=%2Fwp%2Fv2%2Fmedia&parent=37214"}],"wp:term":[{"taxonomy":"category","embeddable":true,"href":"https:\/\/zonaroja.com.mx\/index.php?rest_route=%2Fwp%2Fv2%2Fcategories&post=37214"},{"taxonomy":"post_tag","embeddable":true,"href":"https:\/\/zonaroja.com.mx\/index.php?rest_route=%2Fwp%2Fv2%2Ftags&post=37214"}],"curies":[{"name":"wp","href":"https:\/\/api.w.org\/{rel}","templated":true}]}}