{"id":37217,"date":"2022-02-04T22:32:24","date_gmt":"2022-02-05T04:32:24","guid":{"rendered":"http:\/\/www.zonaroja.com.mx\/?p=37217"},"modified":"2022-02-04T22:32:27","modified_gmt":"2022-02-05T04:32:27","slug":"acusan-a-funcionaria-de-martinez-neri-de-acoso-laboral","status":"publish","type":"post","link":"https:\/\/zonaroja.com.mx\/?p=37217","title":{"rendered":"Acusan a funcionaria de Mart\u00ednez Neri de acoso laboral"},"content":{"rendered":"\n<p>Redacci\u00f3n\/Informativo 570.<\/p>\n\n\n\n<p>Oaxaca de Ju\u00e1rez, Oax., 4 de febrero de 2022.- Un grupo de trabajadores adheridos al Sindicato Independiente \u201c3 de Marzo\u201d denunci\u00f3 a la nueva directora del asilo municipal ubicado en el fraccionamiento Sauce de la agencia de Santa Rosa Panzacola, Lourdes Garc\u00eda Caballero, de acoso laboral.<\/p>\n\n\n\n<p>El l\u00edder de los sindicalizados, Bernab\u00e9 Baltazar D\u00edaz explic\u00f3 que la nueva funcionaria designada por el edil Francisco Mart\u00ednez Neri ha actuado de forma prepotente con los trabajadores del asilo, adem\u00e1s de violentar el Contrato Colectivo de Trabajo (CCT), regulado con la Ley Federal del Trabajo.<\/p>\n\n\n\n<figure class=\"wp-block-embed is-type-rich is-provider-twitter wp-block-embed-twitter\"><div class=\"wp-block-embed__wrapper\">\n<div class=\"twitter-tweet\"><blockquote class=\"twitter-tweet\" data-lang=\"es\"><p lang=\"es\" dir=\"ltr\"><a href=\"https:\/\/twitter.com\/hashtag\/%C3%9AltimoMinuto?src=hash&amp;ref_src=twsrc%5Etfw\">#\u00daltimoMinuto<\/a> <br>No cesan los problemas e inconformidades contra el edil <a href=\"https:\/\/twitter.com\/FMartinezNeri?ref_src=twsrc%5Etfw\">@FMartinezNeri<\/a>.<br>Ahora, trabajadores del asilo municipal, ubicado en la agencia de Santa Rosa Panzacola, ciudad de Oaxaca, bloquean las instalaciones. <a href=\"https:\/\/t.co\/T5V9Vzuw8u\">pic.twitter.com\/T5V9Vzuw8u<\/a><\/p>&mdash; Zona Roja Oaxaca (@Zona_Roja_Oax) <a href=\"https:\/\/twitter.com\/Zona_Roja_Oax\/status\/1489629644122992646?ref_src=twsrc%5Etfw\">4 de febrero de 2022<\/a><\/blockquote><\/div>\n<\/div><\/figure>\n\n\n\n<p>Dijo que las anomal\u00edas se han dado de forma paulatina desde el arrib\u00f3 de la funcionaria, por lo que lamentaron llegar a una protesta para evidenciar el acoso laboral que sufren en este asilo de adultos mayores del Municipio de Oaxaca de Ju\u00e1rez.<\/p>\n\n\n\n<p>\u201cCuando se present\u00f3 dijo que iba apoyar y sumar, pero su comportamiento ha cambiado, ya rebas\u00f3 los l\u00edmites de hostigamiento, por ejemplo, los permisos los otorga cuando se le da la gana, porque siempre dice que no tiene tiempo\u201d, se\u00f1al\u00f3 el portavoz de las v\u00edctimas.<\/p>\n\n\n\n<p>En este sentido, pidi\u00f3 la intervenci\u00f3n del edil capitalino, al hacerle un llamando para revisar la actuaci\u00f3n de sus servidores p\u00fablicos, \u201cdesconocemos como hizo la distribuci\u00f3n de los puestos, pero esta persona no es apta para esta direcci\u00f3n\u201d, sostuvo.<\/p>\n","protected":false},"excerpt":{"rendered":"<p>Redacci\u00f3n\/Informativo 570. Oaxaca de Ju\u00e1rez, Oax., 4 de febrero de 2022.- Un grupo de trabajadores&hellip;<\/p>\n","protected":false},"author":2,"featured_media":37218,"comment_status":"closed","ping_status":"open","sticky":false,"template":"","format":"standard","meta":{"_lmt_disableupdate":"","_lmt_disable":"","_jetpack_memberships_contains_paid_content":false,"footnotes":""},"categories":[109,47],"tags":[],"class_list":["post-37217","post","type-post","status-publish","format-standard","has-post-thumbnail","hentry","category-minuto-a-minuto","category-zona-gris"],"jetpack_featured_media_url":"https:\/\/zonaroja.com.mx\/wp-content\/uploads\/2022\/02\/Protesta-asilo-municipal.jpg","jetpack_sharing_enabled":true,"_links":{"self":[{"href":"https:\/\/zonaroja.com.mx\/index.php?rest_route=\/wp\/v2\/posts\/37217","targetHints":{"allow":["GET"]}}],"collection":[{"href":"https:\/\/zonaroja.com.mx\/index.php?rest_route=\/wp\/v2\/posts"}],"about":[{"href":"https:\/\/zonaroja.com.mx\/index.php?rest_route=\/wp\/v2\/types\/post"}],"author":[{"embeddable":true,"href":"https:\/\/zonaroja.com.mx\/index.php?rest_route=\/wp\/v2\/users\/2"}],"replies":[{"embeddable":true,"href":"https:\/\/zonaroja.com.mx\/index.php?rest_route=%2Fwp%2Fv2%2Fcomments&post=37217"}],"version-history":[{"count":1,"href":"https:\/\/zonaroja.com.mx\/index.php?rest_route=\/wp\/v2\/posts\/37217\/revisions"}],"predecessor-version":[{"id":37219,"href":"https:\/\/zonaroja.com.mx\/index.php?rest_route=\/wp\/v2\/posts\/37217\/revisions\/37219"}],"wp:featuredmedia":[{"embeddable":true,"href":"https:\/\/zonaroja.com.mx\/index.php?rest_route=\/wp\/v2\/media\/37218"}],"wp:attachment":[{"href":"https:\/\/zonaroja.com.mx\/index.php?rest_route=%2Fwp%2Fv2%2Fmedia&parent=37217"}],"wp:term":[{"taxonomy":"category","embeddable":true,"href":"https:\/\/zonaroja.com.mx\/index.php?rest_route=%2Fwp%2Fv2%2Fcategories&post=37217"},{"taxonomy":"post_tag","embeddable":true,"href":"https:\/\/zonaroja.com.mx\/index.php?rest_route=%2Fwp%2Fv2%2Ftags&post=37217"}],"curies":[{"name":"wp","href":"https:\/\/api.w.org\/{rel}","templated":true}]}}