{"id":37222,"date":"2022-02-05T08:02:21","date_gmt":"2022-02-05T14:02:21","guid":{"rendered":"http:\/\/www.zonaroja.com.mx\/?p=37222"},"modified":"2022-02-05T08:02:30","modified_gmt":"2022-02-05T14:02:30","slug":"normalistas-atentan-con-trailer-contra-guardia-nacional-y-salen-libres","status":"publish","type":"post","link":"https:\/\/zonaroja.com.mx\/?p=37222","title":{"rendered":"Normalistas atentan con tr\u00e1iler contra Guardia Nacional\u2026 y salen libres"},"content":{"rendered":"\n<p>Redacci\u00f3n\/Zona Roja Cdmx. Foto: El Guerrero<\/p>\n\n\n\n<p>Ciudad de M\u00e9xico, 5 de febrero de 2022.- Al menos 20 elementos de la Guardia Nacional y de la Polic\u00eda Estatal del estado de Guerrero resultaron lesionados tras un enfrentamiento con normalistas de Ayotzinapa.<\/p>\n\n\n\n<p>Los estudiantes de Escuela Normal Rural \u201cRa\u00fal Isidro Burgos\u201d, se apoderaron de autobuses al mediod\u00eda de ayer en la Autopista del Sol y pretend\u00eda tomar la caseta de peaje.<\/p>\n\n\n\n<p>Sin embargo en ese sitio se hallaban los uniformados federales estatales; por lo que los normalistas se apoderaron de un tr\u00e1iler de la empresa Soriana; la arrancaron y la lanzaron a toda velocidad, sin chofer, en contra de los polic\u00edas y guardias nacionales.<\/p>\n\n\n\n<p>Tras ello vino un enfrentamiento con golpes, palos y piedras, con el sasldo de al menos 5 normalistas detenidos, pero fueron liberados por la mediaci\u00f3n de la Comisi\u00f3n Nacional de los Derechos Humanos.<\/p>\n\n\n\n<p>Seg\u00fan la Guardia Nacional, los estudiantes respondieron con agresiones, lanzando cohetes, piedras, palos y tratando de pasar la barrera de polic\u00edas con un autob\u00fas, pero no lo lograron.<\/p>\n\n\n\n<p>Alrededor de las 12:40, los normalistas comenzaron a dispersarse, sin embargo, volvieron a registrarse jaloneos e intercambio de palabras con los elementos de seguridad, lo que provoc\u00f3 que los estudiantes utilizaran un tr\u00e1iler, sin conductor, para romper el cerco de los uniformados.<\/p>\n\n\n\n<p>&nbsp;\u201cLa Guardia Nacional refrenda su compromiso de respetar los derechos humanos, apegado al uso proporcional de la fuerza, por lo que rechaza categ\u00f3ricamente cualquier uso de la violencia como medio para dirimir las demandas sociales\u201d, se lee en una tarjeta informativa publicada por la Guardia poco despu\u00e9s.<\/p>\n\n\n\n<p>Debido a la protesta, se cerr\u00f3 la circulaci\u00f3n en la autopista y el tr\u00e1fico entre Chilpancingo y Acapulco se desvi\u00f3 por la carretera libre.<\/p>\n","protected":false},"excerpt":{"rendered":"<p>Redacci\u00f3n\/Zona Roja Cdmx. Foto: El Guerrero Ciudad de M\u00e9xico, 5 de febrero de 2022.- Al&hellip;<\/p>\n","protected":false},"author":2,"featured_media":37223,"comment_status":"closed","ping_status":"open","sticky":false,"template":"","format":"standard","meta":{"_lmt_disableupdate":"","_lmt_disable":"","_jetpack_memberships_contains_paid_content":false,"footnotes":""},"categories":[109,47],"tags":[715],"class_list":["post-37222","post","type-post","status-publish","format-standard","has-post-thumbnail","hentry","category-minuto-a-minuto","category-zona-gris","tag-normalistas-ayotzinapa"],"jetpack_featured_media_url":"https:\/\/zonaroja.com.mx\/wp-content\/uploads\/2022\/02\/Normalistas-Guerrero.jpeg","jetpack_sharing_enabled":true,"_links":{"self":[{"href":"https:\/\/zonaroja.com.mx\/index.php?rest_route=\/wp\/v2\/posts\/37222","targetHints":{"allow":["GET"]}}],"collection":[{"href":"https:\/\/zonaroja.com.mx\/index.php?rest_route=\/wp\/v2\/posts"}],"about":[{"href":"https:\/\/zonaroja.com.mx\/index.php?rest_route=\/wp\/v2\/types\/post"}],"author":[{"embeddable":true,"href":"https:\/\/zonaroja.com.mx\/index.php?rest_route=\/wp\/v2\/users\/2"}],"replies":[{"embeddable":true,"href":"https:\/\/zonaroja.com.mx\/index.php?rest_route=%2Fwp%2Fv2%2Fcomments&post=37222"}],"version-history":[{"count":1,"href":"https:\/\/zonaroja.com.mx\/index.php?rest_route=\/wp\/v2\/posts\/37222\/revisions"}],"predecessor-version":[{"id":37224,"href":"https:\/\/zonaroja.com.mx\/index.php?rest_route=\/wp\/v2\/posts\/37222\/revisions\/37224"}],"wp:featuredmedia":[{"embeddable":true,"href":"https:\/\/zonaroja.com.mx\/index.php?rest_route=\/wp\/v2\/media\/37223"}],"wp:attachment":[{"href":"https:\/\/zonaroja.com.mx\/index.php?rest_route=%2Fwp%2Fv2%2Fmedia&parent=37222"}],"wp:term":[{"taxonomy":"category","embeddable":true,"href":"https:\/\/zonaroja.com.mx\/index.php?rest_route=%2Fwp%2Fv2%2Fcategories&post=37222"},{"taxonomy":"post_tag","embeddable":true,"href":"https:\/\/zonaroja.com.mx\/index.php?rest_route=%2Fwp%2Fv2%2Ftags&post=37222"}],"curies":[{"name":"wp","href":"https:\/\/api.w.org\/{rel}","templated":true}]}}