{"id":37225,"date":"2022-02-05T08:06:17","date_gmt":"2022-02-05T14:06:17","guid":{"rendered":"http:\/\/www.zonaroja.com.mx\/?p=37225"},"modified":"2022-02-05T08:06:19","modified_gmt":"2022-02-05T14:06:19","slug":"opinion-la-gran-orfandad","status":"publish","type":"post","link":"https:\/\/zonaroja.com.mx\/?p=37225","title":{"rendered":"Opini\u00f3n. La gran orfandad"},"content":{"rendered":"\n<p>Gibr\u00e1n Ram\u00edrez Reyes<\/p>\n\n\n\n<p>El tiempo de la gran mortandad es, consecuentemente, el tiempo de la gran orfandad. De no haber un cambio dram\u00e1tico de tendencias, en poco m\u00e1s de un par de a\u00f1os M\u00e9xico ser\u00e1 un pa\u00eds de m\u00e1s de un mill\u00f3n de muertos y desaparecidos recientes, de la pandemia y las violencias que arrastramos de los lustros anteriores.<\/p>\n\n\n\n<p>Este pa\u00eds de muertos heredar\u00e1 a los vivos a sus hu\u00e9rfanos; al igual que con los datos de la deserci\u00f3n escolar, no sabemos hasta ahora cu\u00e1ntos son, con qui\u00e9n viven, c\u00f3mo est\u00e1n.<\/p>\n\n\n\n<p>El dato m\u00e1s escandaloso que ha trascendido a los medios es el de la calculadora de orfandad del Imperial College, que indica que el d\u00eda de hoy son 195 mil ni\u00f1os que han perdido a su cuidador principal y m\u00e1s de 281 mil que han perdido a un cuidador principal o secundario.<\/p>\n\n\n\n<p>La cifra es problem\u00e1tica porque utiliza las muertes reportadas por covid-19, no el exceso de mortalidad durante la pandemia, una cifra oficial de la Secretar\u00eda de Salud que registra m\u00e1s del doble de muertes que la utilizada para el c\u00e1lculo.<\/p>\n\n\n\n<p>Adem\u00e1s de eso, desde luego, habr\u00e1 que sumar a los peque\u00f1os hu\u00e9rfanos de todo tipo: por desapariciones, homicidio doloso, feminicidio. La dimensi\u00f3n del problema es descomunal y no est\u00e1 claro que sea atendido \u2014quiz\u00e1 solo el gobierno de Ciudad de M\u00e9xico ha anunciado el otorgamiento de becas Leona Vicario para un peque\u00f1o porcentaje de esta poblaci\u00f3n.<\/p>\n\n\n\n<p>Caminamos en oscuridad al futuro porque la ni\u00f1ez no es un tema taquillero para nadie, salvo que se use de arma arrojadiza contra adversarios pol\u00edticos.<\/p>\n\n\n\n<p>El panorama es dram\u00e1tico y desconcierta el silencio al respecto \u2014que se deriva, quiz\u00e1, de que los infantes no son un sujeto pol\u00edtico, no votan, no importan al poder.<\/p>\n\n\n\n<p>Partimos de la base de una infancia que, en un 51 por ciento de los casos, vive en pobreza, que concentra adem\u00e1s 5.4 millones de abusos sexuales cada a\u00f1o, la cifra m\u00e1s alta que registra la OCDE, en cuyas estad\u00edsticas tambi\u00e9n somos punteros en maltrato. Igual que la muerte ocasionada por la pandemia \u2014e igual que en casi todos los problemas\u2014 la orfandad y la deserci\u00f3n escolar se ensa\u00f1ar\u00e1n con los infantes pobres, que por el conjunto de condiciones tendr\u00e1n que hacer frente a una pl\u00e9tora de problemas y vulnerabilidades registradas por las ciencias sociales: econ\u00f3micas, de acceso a la educaci\u00f3n y a la salud, de angustia y otros problemas de salud mental, de mayor incidencia de abuso sexual y embarazo adolescente, de problemas de socializaci\u00f3n, de desarrollo de capacidades para el trabajo.<\/p>\n\n\n\n<p>El obst\u00e1culo no es peque\u00f1o ni sencillo, eso ya lo sabemos, pero deber\u00edamos poder dimensionarlo. Podr\u00eda hacerse una primera aproximaci\u00f3n con m\u00e9todos indirectos de estimaci\u00f3n, pero construir un registro nacional de hu\u00e9rfanos ser\u00eda imprescindible para al menos comenzar con la deliberaci\u00f3n p\u00fablica de lo que debe hacer nuestra sociedad con sus infantes, adem\u00e1s de la obviedad de ofrecerles becas que quiz\u00e1 no combatan ninguna de las vulnerabilidades a que est\u00e1n y estar\u00e1n expuestos.<\/p>\n\n\n\n<p>Asumir la gran orfandad para priorizar la agenda de las infancias que cargar\u00e1n al pa\u00eds en el proceso de envejecimiento de la poblaci\u00f3n es la \u00fanica v\u00eda para generar una agenda ya no de ambici\u00f3n transformadora, sino un freno a la barbarie.<\/p>\n\n\n\n<p>*Doctor en ciencia pol\u00edtica por la UNAM.<\/p>\n","protected":false},"excerpt":{"rendered":"<p>Gibr\u00e1n Ram\u00edrez Reyes El tiempo de la gran mortandad es, consecuentemente, el tiempo de la&hellip;<\/p>\n","protected":false},"author":2,"featured_media":24099,"comment_status":"closed","ping_status":"open","sticky":false,"template":"","format":"standard","meta":{"_lmt_disableupdate":"","_lmt_disable":"","_jetpack_memberships_contains_paid_content":false,"footnotes":""},"categories":[456,109],"tags":[2489],"class_list":["post-37225","post","type-post","status-publish","format-standard","has-post-thumbnail","hentry","category-columna","category-minuto-a-minuto","tag-gibran-ramirez-reyes"],"jetpack_featured_media_url":"https:\/\/zonaroja.com.mx\/wp-content\/uploads\/2021\/02\/Gibran-Ramirez-Reyes.jpg","jetpack_sharing_enabled":true,"_links":{"self":[{"href":"https:\/\/zonaroja.com.mx\/index.php?rest_route=\/wp\/v2\/posts\/37225","targetHints":{"allow":["GET"]}}],"collection":[{"href":"https:\/\/zonaroja.com.mx\/index.php?rest_route=\/wp\/v2\/posts"}],"about":[{"href":"https:\/\/zonaroja.com.mx\/index.php?rest_route=\/wp\/v2\/types\/post"}],"author":[{"embeddable":true,"href":"https:\/\/zonaroja.com.mx\/index.php?rest_route=\/wp\/v2\/users\/2"}],"replies":[{"embeddable":true,"href":"https:\/\/zonaroja.com.mx\/index.php?rest_route=%2Fwp%2Fv2%2Fcomments&post=37225"}],"version-history":[{"count":1,"href":"https:\/\/zonaroja.com.mx\/index.php?rest_route=\/wp\/v2\/posts\/37225\/revisions"}],"predecessor-version":[{"id":37226,"href":"https:\/\/zonaroja.com.mx\/index.php?rest_route=\/wp\/v2\/posts\/37225\/revisions\/37226"}],"wp:featuredmedia":[{"embeddable":true,"href":"https:\/\/zonaroja.com.mx\/index.php?rest_route=\/wp\/v2\/media\/24099"}],"wp:attachment":[{"href":"https:\/\/zonaroja.com.mx\/index.php?rest_route=%2Fwp%2Fv2%2Fmedia&parent=37225"}],"wp:term":[{"taxonomy":"category","embeddable":true,"href":"https:\/\/zonaroja.com.mx\/index.php?rest_route=%2Fwp%2Fv2%2Fcategories&post=37225"},{"taxonomy":"post_tag","embeddable":true,"href":"https:\/\/zonaroja.com.mx\/index.php?rest_route=%2Fwp%2Fv2%2Ftags&post=37225"}],"curies":[{"name":"wp","href":"https:\/\/api.w.org\/{rel}","templated":true}]}}