{"id":37235,"date":"2022-02-05T14:15:03","date_gmt":"2022-02-05T20:15:03","guid":{"rendered":"http:\/\/www.zonaroja.com.mx\/?p=37235"},"modified":"2022-02-05T15:34:21","modified_gmt":"2022-02-05T21:34:21","slug":"identifican-a-individuo-que-fue-asesinado-en-el-istmo","status":"publish","type":"post","link":"https:\/\/zonaroja.com.mx\/?p=37235","title":{"rendered":"Identifican a individuo que fue asesinado en Rojas de Cuauht\u00e9moc"},"content":{"rendered":"\n<p>Redacci\u00f3n\/Zona Roja. Foto: Ilustraci\u00f3n<\/p>\n\n\n\n<p>Oaxaca de Ju\u00e1rez, Oax., 5 de febrero de 2022.- Dos d\u00edas despu\u00e9s del crimen, fue identificado el individuo asesinado en Rojas de Cuahut\u00e9moc, municipio de la regi\u00f3n Valles Centrales de Oaxaca.<\/p>\n\n\n\n<p>Se trata de H\u00e9ctor B.G., de 47 a\u00f1os de edad, quien fue baleado la noche del jueves cerca del palacio municipal de dicha localidad, distante a unos 15 kil\u00f3metros al oriente de la ciudad capital.<\/p>\n\n\n\n<p>Fue trasladado por una ambulancia de la Cruz Roja Mexicana, pero muri\u00f3 cuando iba a ser ingresado al Hospital General \u201cDr. Aurelio Valdivieso\u201d, dependiente de los Servicios de Salud de Oaxaca.<\/p>\n\n\n\n<p>Fue minutos antes de las 23:00 horas en que se dio la llamada de auxilio por parte de polic\u00edas municipales, que reportaron una agresi\u00f3n armada, tras lo cual fue trasladado el individuo en la capital; presentaba una herida en el abdomen, lo que origin\u00f3 que finalmente perdiera la vida.<\/p>\n","protected":false},"excerpt":{"rendered":"<p>Redacci\u00f3n\/Zona Roja. Foto: Ilustraci\u00f3n Oaxaca de Ju\u00e1rez, Oax., 5 de febrero de 2022.- Dos d\u00edas&hellip;<\/p>\n","protected":false},"author":2,"featured_media":10664,"comment_status":"closed","ping_status":"open","sticky":false,"template":"","format":"standard","meta":{"_lmt_disableupdate":"","_lmt_disable":"","_jetpack_memberships_contains_paid_content":false,"footnotes":""},"categories":[109,47],"tags":[2776],"class_list":["post-37235","post","type-post","status-publish","format-standard","has-post-thumbnail","hentry","category-minuto-a-minuto","category-zona-gris","tag-rojas-de-cuahutemoc"],"jetpack_featured_media_url":"https:\/\/zonaroja.com.mx\/wp-content\/uploads\/2020\/04\/Cruz-Roja-Mexicana.jpg","jetpack_sharing_enabled":true,"_links":{"self":[{"href":"https:\/\/zonaroja.com.mx\/index.php?rest_route=\/wp\/v2\/posts\/37235","targetHints":{"allow":["GET"]}}],"collection":[{"href":"https:\/\/zonaroja.com.mx\/index.php?rest_route=\/wp\/v2\/posts"}],"about":[{"href":"https:\/\/zonaroja.com.mx\/index.php?rest_route=\/wp\/v2\/types\/post"}],"author":[{"embeddable":true,"href":"https:\/\/zonaroja.com.mx\/index.php?rest_route=\/wp\/v2\/users\/2"}],"replies":[{"embeddable":true,"href":"https:\/\/zonaroja.com.mx\/index.php?rest_route=%2Fwp%2Fv2%2Fcomments&post=37235"}],"version-history":[{"count":2,"href":"https:\/\/zonaroja.com.mx\/index.php?rest_route=\/wp\/v2\/posts\/37235\/revisions"}],"predecessor-version":[{"id":37241,"href":"https:\/\/zonaroja.com.mx\/index.php?rest_route=\/wp\/v2\/posts\/37235\/revisions\/37241"}],"wp:featuredmedia":[{"embeddable":true,"href":"https:\/\/zonaroja.com.mx\/index.php?rest_route=\/wp\/v2\/media\/10664"}],"wp:attachment":[{"href":"https:\/\/zonaroja.com.mx\/index.php?rest_route=%2Fwp%2Fv2%2Fmedia&parent=37235"}],"wp:term":[{"taxonomy":"category","embeddable":true,"href":"https:\/\/zonaroja.com.mx\/index.php?rest_route=%2Fwp%2Fv2%2Fcategories&post=37235"},{"taxonomy":"post_tag","embeddable":true,"href":"https:\/\/zonaroja.com.mx\/index.php?rest_route=%2Fwp%2Fv2%2Ftags&post=37235"}],"curies":[{"name":"wp","href":"https:\/\/api.w.org\/{rel}","templated":true}]}}