{"id":3724,"date":"2019-09-05T22:38:37","date_gmt":"2019-09-06T03:38:37","guid":{"rendered":"http:\/\/www.zonaroja.com.mx\/?p=3724"},"modified":"2019-09-05T22:38:39","modified_gmt":"2019-09-06T03:38:39","slug":"haran-mitote-para-celebrar-aniversario-de-la-fonoteca-eduardo-mata","status":"publish","type":"post","link":"https:\/\/zonaroja.com.mx\/?p=3724","title":{"rendered":"Har\u00e1n \u201cmitote\u201d para celebrar aniversario de la fonoteca \u201cEduardo Mata\u201d"},"content":{"rendered":"\n<p>Evlin\nArag\u00f3n\/Zona Roja.<\/p>\n\n\n\n<p>Oaxaca de\nJu\u00e1rez, Oax., 6 de septiembre de 2019.- Este viernes y en punto de las seis de\nla tarde, el Instituto de Artes Gr\u00e1ficas de Oaxaca ser\u00e1 sede de un \u201cmitote\u201d a\ncargo de Pasatono Orquesta Mexicana (POM), propuesto como parte de la\ncelebraci\u00f3n del 22 aniversario de la fonoteca \u201cEduardo Mata\u201d.<\/p>\n\n\n\n<p>\u201cMitote\u201d es\nel nombre del nuevo disco que presenta la Orquesta Mexicana como resultado de\nseis a\u00f1os de experimentaci\u00f3n y exploraci\u00f3n, de los talleres en el Centro de la\nArtes de San Agust\u00edn (CaSa), as\u00ed como de los conciertos y giras realizadas,\nalgunas fuera del pa\u00eds en donde han sido reconocida su calidad musical.<\/p>\n\n\n\n<p>El\nrepertorio de m\u00fasica ind\u00edgena de c\u00e1mara incluye composiciones de Carlos Ch\u00e1vez,\nLuis Sandy, Salvador Contreras, Daniel Ayala y Blas Galindo, estos tres \u00faltimos\nalumnos de Ch\u00e1vez, as\u00ed como obra contempor\u00e1nea compuesta por Ren\u00e9 Gonz\u00e1lez y\nRub\u00e9n Luengas.<\/p>\n\n\n\n<p>Se trata de\nnueve pistas las que conforman el disco de una hora de duraci\u00f3n\naproximadamente, compuesto por obras que combinan el lenguaje de la m\u00fasica\nacad\u00e9mica y los sonidos ind\u00edgenas de los pueblos originarios que dan vida a la\nm\u00fasica de Pasatono Orquesta Mexicana.&nbsp; <\/p>\n\n\n\n<p>As\u00ed lo\nexpres\u00f3 Rub\u00e9n Luengas, director de POM, quien adem\u00e1s detall\u00f3 que \u201cMitote\u201d es\nuna evocaci\u00f3n a la fiesta prehisp\u00e1nica que incluso espantaba a los\nconquistadores ya que en esta celebraci\u00f3n se formaban c\u00edrculos conc\u00e9ntricos\ndanzaban alrededor del grupo de m\u00fasica y que todav\u00eda vive en algunos pueblos\nind\u00edgenas como el huichol.<\/p>\n\n\n\n<p>El m\u00fasico\noaxaque\u00f1o destac\u00f3 que la producci\u00f3n discogr\u00e1fica esta a cargo de Rosino Serrano\ny se grab\u00f3 en el estudio de la radio ind\u00edgena de Guelatao, mientras que el arte\nen la portada del disco fue realizada por el maestro Francisco Toledo.<\/p>\n\n\n\n<p>Por su parte\nElisa Javier, directora de la fonoteca \u201cEduardo Mata\u201d asegur\u00f3 que los festejos\npor el aniversario de la instituci\u00f3n comprenden todo el mes de septiembre y con\nla presentaci\u00f3n de los grupos Azul Viena, Costa Mia Orquesta, Bajo Mis Manos y\nla Tolvanera, los d\u00edas 13, 20 y 27 de septiembre, respectivamente.<\/p>\n\n\n\n<p>Tras la\nmuerte anoche del pintor Francisco Toledo, a\u00fan no se ha confirmado si la\nactividad contin\u00faa agendada para este viernes por la tarde o ser\u00e1 reprogramada\no cambiada a otro sitio.<\/p>\n","protected":false},"excerpt":{"rendered":"<p>Evlin Arag\u00f3n\/Zona Roja. Oaxaca de Ju\u00e1rez, Oax., 6 de septiembre de 2019.- Este viernes y&hellip;<\/p>\n","protected":false},"author":2,"featured_media":3725,"comment_status":"closed","ping_status":"open","sticky":false,"template":"","format":"standard","meta":{"_lmt_disableupdate":"","_lmt_disable":"","_jetpack_memberships_contains_paid_content":false,"footnotes":""},"categories":[46],"tags":[679,678],"class_list":["post-3724","post","type-post","status-publish","format-standard","has-post-thumbnail","hentry","category-zona-blanca","tag-fonoteca-eduardo-mata","tag-pasatono"],"jetpack_featured_media_url":"https:\/\/zonaroja.com.mx\/wp-content\/uploads\/2019\/09\/IAGO.jpg","jetpack_sharing_enabled":true,"_links":{"self":[{"href":"https:\/\/zonaroja.com.mx\/index.php?rest_route=\/wp\/v2\/posts\/3724","targetHints":{"allow":["GET"]}}],"collection":[{"href":"https:\/\/zonaroja.com.mx\/index.php?rest_route=\/wp\/v2\/posts"}],"about":[{"href":"https:\/\/zonaroja.com.mx\/index.php?rest_route=\/wp\/v2\/types\/post"}],"author":[{"embeddable":true,"href":"https:\/\/zonaroja.com.mx\/index.php?rest_route=\/wp\/v2\/users\/2"}],"replies":[{"embeddable":true,"href":"https:\/\/zonaroja.com.mx\/index.php?rest_route=%2Fwp%2Fv2%2Fcomments&post=3724"}],"version-history":[{"count":1,"href":"https:\/\/zonaroja.com.mx\/index.php?rest_route=\/wp\/v2\/posts\/3724\/revisions"}],"predecessor-version":[{"id":3726,"href":"https:\/\/zonaroja.com.mx\/index.php?rest_route=\/wp\/v2\/posts\/3724\/revisions\/3726"}],"wp:featuredmedia":[{"embeddable":true,"href":"https:\/\/zonaroja.com.mx\/index.php?rest_route=\/wp\/v2\/media\/3725"}],"wp:attachment":[{"href":"https:\/\/zonaroja.com.mx\/index.php?rest_route=%2Fwp%2Fv2%2Fmedia&parent=3724"}],"wp:term":[{"taxonomy":"category","embeddable":true,"href":"https:\/\/zonaroja.com.mx\/index.php?rest_route=%2Fwp%2Fv2%2Fcategories&post=3724"},{"taxonomy":"post_tag","embeddable":true,"href":"https:\/\/zonaroja.com.mx\/index.php?rest_route=%2Fwp%2Fv2%2Ftags&post=3724"}],"curies":[{"name":"wp","href":"https:\/\/api.w.org\/{rel}","templated":true}]}}