{"id":37242,"date":"2022-02-05T18:30:18","date_gmt":"2022-02-06T00:30:18","guid":{"rendered":"http:\/\/www.zonaroja.com.mx\/?p=37242"},"modified":"2022-02-05T18:30:20","modified_gmt":"2022-02-06T00:30:20","slug":"oaxaquena-nadia-lopez-gana-premio-mesoamericano-de-poesia-2021","status":"publish","type":"post","link":"https:\/\/zonaroja.com.mx\/?p=37242","title":{"rendered":"Oaxaque\u00f1a Nadia L\u00f3pez gana Premio Mesoamericano de Poes\u00eda 2021"},"content":{"rendered":"\n<p>Yuridiana Sosa\/Zona Roja.<\/p>\n\n\n\n<p>Oaxaca de Ju\u00e1rez, Oax., 5 de febrero de 2022.- Los \u00e9xitos de la poeta biling\u00fce Nadia L\u00f3pez Garc\u00eda en el extranjero contin\u00faan al inicio de este a\u00f1o, al ganar la edici\u00f3n XVI del Premio Mesoamericano de Poes\u00eda \u201cLuis Cardoza y Arag\u00f3n\u201d 2021.<\/p>\n\n\n\n<p>Recientemente, este mes, la Embajada de M\u00e9xico en Guatemala, a trav\u00e9s de su Instituto Cultural de M\u00e9xico, el Fondo de Cultura Econ\u00f3mica y el Ministerio de Cultura y Deportes Guatemala, dieron a conocer el resultado, donde la oaxaque\u00f1a de 29 a\u00f1os result\u00f3 ganadora con su poemario \u201cDorsal\u201d.<\/p>\n\n\n\n<p>\u201cDespierto con la tremenda noticia de que ganamos el XVI Premio Mesoamericano de poes\u00eda Luis Cardoza y Arag\u00f3n 2021. Gracias totales, lloro de alegr\u00eda y felicidad\u201d, escribi\u00f3 la originaria de Tlaxiaco, en la Mixteca de Oaxaca, en su cuenta de Facebook.<\/p>\n\n\n\n<p>Este premio, resultado de un imparable trabajo en las letras, se suma a los logros que este a\u00f1o la misma poeta ha dado a conocer, en el que resaltan colaboraciones y trabajos \u00e9xitos en el extranjero.<\/p>\n\n\n\n<p>Durante enero, L\u00f3pez Garc\u00eda comparti\u00f3 que colabor\u00f3 en la edici\u00f3n de \u201cArrullar desde la tierra\u201d, arrullos en lenguas originarias dentro de la Antolog\u00eda de la producci\u00f3n oral infantil en Latinoam\u00e9rica y el Caribe 2021 realizada en conjunto con la Asociaci\u00f3n para Leer, Escuchar, Escribir y Recrear AC&nbsp; (IBBY M\u00e9xico)y&nbsp; el Center for Research on Latin america and the Caribbean de la ONU.&nbsp;<\/p>\n\n\n\n<p>\u201cNo estoy llorando, se me meti\u00f3 una colaboraci\u00f3n con el British Museum a los ojos. Agradecida porque se interesen en mi trabajo en otros lados del mundo\u201d, escribi\u00f3 la poeta sobre este importante logro para el Museo Brit\u00e1nico de Londres, Reino Unido.<\/p>\n\n\n\n<p>Tambi\u00e9n ha sido parte del taller \u201cConstrucci\u00f3n de herramientas did\u00e1cticas para la ense\u00f1anza-aprendizaje de la lengua mixteca en Educaci\u00f3n Inicial, Preescolar y Primaria\u201d.<\/p>\n\n\n\n<p>Entre los \u00e9xitos inimaginables para la joven poeta, est\u00e1 la traducci\u00f3n de sus libros, como lo es \u201cLas formas de la lluvia\u201d su cuarto libro, el cual, dijo, actualmente s\u00f3lo puede conseguirse en India y Bangladesh, en el continente asi\u00e1tico.<\/p>\n\n\n\n<p>Dicho libro fue traducido al bengal\u00ed, convirti\u00e9ndose en el primer libro de \u201cPoes\u00eda joven mexicana\u201d traducido a ese idioma y en el primer libro con el que se arrancan las colaboraciones de intercambio editorial entre las casas Anusha y Jaldhi Publications, que busca seguir traduciendo libros de poetas de todo el mundo, coment\u00f3 Nadia L\u00f3pez.<\/p>\n\n\n\n<p>Las colaboraciones de la escritora tambi\u00e9n est\u00e1n enfocadas a las infancias y adolescencias en todo el pa\u00eds, como lo es el programa Alas y Ra\u00edces, donde cre\u00f3 los proyectos como \u201cLenguas de Nuestra Tierra\u201d (Del que habla Ver\u00f3nica) \u201cBrotes\u201d, \u201cCinemara\u00edz\u201d, \u201cRadio. Alas de palabra\u201d, \u201cUrbanidades\u201d, \u201cIdentidades y Reconstrucci\u00f3n de las Memorias\u201d, entre otros.<\/p>\n\n\n\n<p>M\u00c1S TRAYECTORIA<\/p>\n\n\n\n<p>Su trabajo tambi\u00e9n se ha presentado en India, Colombia, Estados Unidos, Guatemala y Puerto Rico.<\/p>\n\n\n\n<p>Actualmente coordina el Ciclo Poetas en Lenguas Originarias en la Universidad del Pac\u00edfico, con el apoyo del Departamento of Modern Language Literatures.<\/p>\n\n\n\n<p>Fue merecedora del Premio de la Creaci\u00f3n Literaria en Lenguas Originarias Cenzontle 2017; recibi\u00f3 el Premio Nacional de la Juventud 2018; el Premios Juventud Ciudad de M\u00e9xico 2019 y el Premio Casa de Literatura para Ni\u00f1os 2020.<\/p>\n\n\n\n<p>Nadia L\u00f3pez es considerada por la revista \u201cForbes\u201d como una de las \u201cMexicanas m\u00e1s creativas del 2018\u201d.<\/p>\n\n\n\n<p>Tambi\u00e9n ha sido becaria de la Fundaci\u00f3n para las Letras Mexicanas en el \u00e1rea de poes\u00eda del 2015 al 2017.<\/p>\n\n\n\n<p>Desde el 2018 es miembro de lat\u00edn American Studien Associacion (LASA) y desde el 2019 forma parte del programa de formaci\u00f3n literaria del Instituto Nacional de Bellas Artes y Literatura (INBAL).<\/p>\n","protected":false},"excerpt":{"rendered":"<p>Yuridiana Sosa\/Zona Roja. Oaxaca de Ju\u00e1rez, Oax., 5 de febrero de 2022.- Los \u00e9xitos de&hellip;<\/p>\n","protected":false},"author":2,"featured_media":37243,"comment_status":"closed","ping_status":"open","sticky":false,"template":"","format":"standard","meta":{"_lmt_disableupdate":"","_lmt_disable":"","_jetpack_memberships_contains_paid_content":false,"footnotes":""},"categories":[109,47],"tags":[2197],"class_list":["post-37242","post","type-post","status-publish","format-standard","has-post-thumbnail","hentry","category-minuto-a-minuto","category-zona-gris","tag-nadia-lopez-garcia"],"jetpack_featured_media_url":"https:\/\/zonaroja.com.mx\/wp-content\/uploads\/2022\/02\/Nadia-Lopez.jpg","jetpack_sharing_enabled":true,"_links":{"self":[{"href":"https:\/\/zonaroja.com.mx\/index.php?rest_route=\/wp\/v2\/posts\/37242","targetHints":{"allow":["GET"]}}],"collection":[{"href":"https:\/\/zonaroja.com.mx\/index.php?rest_route=\/wp\/v2\/posts"}],"about":[{"href":"https:\/\/zonaroja.com.mx\/index.php?rest_route=\/wp\/v2\/types\/post"}],"author":[{"embeddable":true,"href":"https:\/\/zonaroja.com.mx\/index.php?rest_route=\/wp\/v2\/users\/2"}],"replies":[{"embeddable":true,"href":"https:\/\/zonaroja.com.mx\/index.php?rest_route=%2Fwp%2Fv2%2Fcomments&post=37242"}],"version-history":[{"count":1,"href":"https:\/\/zonaroja.com.mx\/index.php?rest_route=\/wp\/v2\/posts\/37242\/revisions"}],"predecessor-version":[{"id":37244,"href":"https:\/\/zonaroja.com.mx\/index.php?rest_route=\/wp\/v2\/posts\/37242\/revisions\/37244"}],"wp:featuredmedia":[{"embeddable":true,"href":"https:\/\/zonaroja.com.mx\/index.php?rest_route=\/wp\/v2\/media\/37243"}],"wp:attachment":[{"href":"https:\/\/zonaroja.com.mx\/index.php?rest_route=%2Fwp%2Fv2%2Fmedia&parent=37242"}],"wp:term":[{"taxonomy":"category","embeddable":true,"href":"https:\/\/zonaroja.com.mx\/index.php?rest_route=%2Fwp%2Fv2%2Fcategories&post=37242"},{"taxonomy":"post_tag","embeddable":true,"href":"https:\/\/zonaroja.com.mx\/index.php?rest_route=%2Fwp%2Fv2%2Ftags&post=37242"}],"curies":[{"name":"wp","href":"https:\/\/api.w.org\/{rel}","templated":true}]}}