{"id":37245,"date":"2022-02-05T19:50:58","date_gmt":"2022-02-06T01:50:58","guid":{"rendered":"http:\/\/www.zonaroja.com.mx\/?p=37245"},"modified":"2022-02-05T19:51:00","modified_gmt":"2022-02-06T01:51:00","slug":"no-puede-monreal-con-inseguridad-en-zacatecas-hoy-17-ejecutados","status":"publish","type":"post","link":"https:\/\/zonaroja.com.mx\/?p=37245","title":{"rendered":"No puede Monreal con inseguridad en Zacatecas: hoy, 17 ejecutados"},"content":{"rendered":"\n<p>Redacci\u00f3n\/Zona Roja Cdmx. Foto: Ilustraci\u00f3n<\/p>\n\n\n\n<p>Ciudad de M\u00e9xico, 5 de febrero de 2022.- La ma\u00f1ana de este s\u00e1bado en Zacatecas se dio a conocer el hallazgo de 17 cad\u00e1veres, que habr\u00edan ocurrido en tres hechos distintos.<\/p>\n\n\n\n<p>En el primer acontecimiento reportado a las autoridades de seguridad fue de la comunidad del Pardillo III, del municipio de Fresnillo, donde se localizaron 10 cuerpos envueltos en cobijas, mismos que fueron tirados sobre las inmediaciones de la localidad.<\/p>\n\n\n\n<p>En otro hecho, se encontraron suspendidos los cuerpos de seis hombres en un barandal de una bodega, ubicada entre las comunidades de San Pablo y Santa Elena, municipio de P\u00e1nfilo Natera.<\/p>\n\n\n\n<p>Mientras que en el municipio de Guadalupe fue ultimado un hombre, quien se encontraba a bordo de un veh\u00edculo en la colonia Bellavista; el sujeto falleci\u00f3 dentro de la unidad a consecuencia de la gravedad de las lesiones.<\/p>\n\n\n\n<p>El informe policial refiere que el lugar fue debidamente procesado y los cuerpos trasladados al Servicio M\u00e9dico Forense para los protocolos correspondientes, para recabar todos los datos necesarios para la identificaci\u00f3n de las v\u00edctimas.<\/p>\n\n\n\n<p>Por el momento, en estos lugares se mantiene la presencia de las corporaciones policiales de los tres \u00f3rdenes de gobierno, mientras que la Fiscal\u00eda General de Justicia del Estado (FGJEZ) sigue la indagatoria por estos hechos.<\/p>\n\n\n\n<p>El gobernador David Monreal emiti\u00f3 un mensaje a la ciudadan\u00eda derivado de los 16 muertos encontrados en Fresnillo y P\u00e1nfilo Natera, en donde asegur\u00f3 que no ceder\u00e1n y actuar\u00e1n con firmeza en la lucha contra la inseguridad.<\/p>\n\n\n\n<p>Indic\u00f3 que desde que asumi\u00f3 el gobierno, sab\u00eda a lo que se enfrentar\u00edan al recibir una entidad inmersa en la violencia, por lo que se dise\u00f1\u00f3 y aplica el plan de Seguridad Zacatecas 2 en conjunto con la federaci\u00f3n, en donde las acciones de este plan han tra\u00eddo como consecuencia el recrudecimiento de los hechos delictivos se vio con los cuerpos encontrados en Fresnillo y P\u00e1nfilo Natera.<\/p>\n\n\n\n<p>Afirm\u00f3 que desde la madrugada se inform\u00f3 al presidente Andr\u00e9s Manuel L\u00f3pez Obrador de estos hechos.<\/p>\n\n\n\n<p>Dio a conocer que las primeras investigaciones arrojan que se trata de muertes derivadas de la lucha violenta entre c\u00e1rteles del narcotr\u00e1fico que disputan el territorio estatal.<\/p>\n\n\n\n<p>Afirm\u00f3 que est\u00e1 listo para seguir combatiendo la delincuencia y la inseguridad hist\u00f3rica que hered\u00f3, por lo que dijo confiar en que lograran tener los resultados que la gente anhela para recuperar la paz en la entidad.<\/p>\n\n\n\n<p>(Informaci\u00f3n de \u201cEl Heraldo de M\u00e9xico\u201d)<\/p>\n","protected":false},"excerpt":{"rendered":"<p>Redacci\u00f3n\/Zona Roja Cdmx. Foto: Ilustraci\u00f3n Ciudad de M\u00e9xico, 5 de febrero de 2022.- La ma\u00f1ana&hellip;<\/p>\n","protected":false},"author":2,"featured_media":35760,"comment_status":"closed","ping_status":"open","sticky":false,"template":"","format":"standard","meta":{"_lmt_disableupdate":"","_lmt_disable":"","_jetpack_memberships_contains_paid_content":false,"footnotes":""},"categories":[109,51],"tags":[1794],"class_list":["post-37245","post","type-post","status-publish","format-standard","has-post-thumbnail","hentry","category-minuto-a-minuto","category-zona-roja","tag-zacatecas"],"jetpack_featured_media_url":"https:\/\/zonaroja.com.mx\/wp-content\/uploads\/2021\/12\/Violencia-crimen-incidencia-delictiva-inseguridad.jpeg","jetpack_sharing_enabled":true,"_links":{"self":[{"href":"https:\/\/zonaroja.com.mx\/index.php?rest_route=\/wp\/v2\/posts\/37245","targetHints":{"allow":["GET"]}}],"collection":[{"href":"https:\/\/zonaroja.com.mx\/index.php?rest_route=\/wp\/v2\/posts"}],"about":[{"href":"https:\/\/zonaroja.com.mx\/index.php?rest_route=\/wp\/v2\/types\/post"}],"author":[{"embeddable":true,"href":"https:\/\/zonaroja.com.mx\/index.php?rest_route=\/wp\/v2\/users\/2"}],"replies":[{"embeddable":true,"href":"https:\/\/zonaroja.com.mx\/index.php?rest_route=%2Fwp%2Fv2%2Fcomments&post=37245"}],"version-history":[{"count":1,"href":"https:\/\/zonaroja.com.mx\/index.php?rest_route=\/wp\/v2\/posts\/37245\/revisions"}],"predecessor-version":[{"id":37246,"href":"https:\/\/zonaroja.com.mx\/index.php?rest_route=\/wp\/v2\/posts\/37245\/revisions\/37246"}],"wp:featuredmedia":[{"embeddable":true,"href":"https:\/\/zonaroja.com.mx\/index.php?rest_route=\/wp\/v2\/media\/35760"}],"wp:attachment":[{"href":"https:\/\/zonaroja.com.mx\/index.php?rest_route=%2Fwp%2Fv2%2Fmedia&parent=37245"}],"wp:term":[{"taxonomy":"category","embeddable":true,"href":"https:\/\/zonaroja.com.mx\/index.php?rest_route=%2Fwp%2Fv2%2Fcategories&post=37245"},{"taxonomy":"post_tag","embeddable":true,"href":"https:\/\/zonaroja.com.mx\/index.php?rest_route=%2Fwp%2Fv2%2Ftags&post=37245"}],"curies":[{"name":"wp","href":"https:\/\/api.w.org\/{rel}","templated":true}]}}