{"id":37251,"date":"2022-02-05T20:57:08","date_gmt":"2022-02-06T02:57:08","guid":{"rendered":"http:\/\/www.zonaroja.com.mx\/?p=37251"},"modified":"2022-02-05T20:57:09","modified_gmt":"2022-02-06T02:57:09","slug":"oaxaca-sera-sede-de-congreso-internacional-de-valuacion","status":"publish","type":"post","link":"https:\/\/zonaroja.com.mx\/?p=37251","title":{"rendered":"Oaxaca ser\u00e1 sede de Congreso Internacional de Valuaci\u00f3n"},"content":{"rendered":"\n<p>Redacci\u00f3n\/Zona Roja.<\/p>\n\n\n\n<p>Oaxaca de Ju\u00e1rez, Oax., 5 de febrero de 2022.- Del 2 al 4 de marzo, Oaxaca ser\u00e1 sede, virtual y presencial, del Primer Congreso Acad\u00e9mico Internacional de Valuaci\u00f3n, organizado por la delegaci\u00f3n estatal de la C\u00e1mara Mexicana de la Industria de la Construcci\u00f3n (CMIC).<\/p>\n\n\n\n<p>De acuerdo con los organizadores, la actividad es coordinada por el Instituto Tecnol\u00f3gico de la Construcci\u00f3n (ITC) y lleva como t\u00edtulo \u201cLa metamorfosis de la valuaci\u00f3n moderna del siglo XXI\u201d.<\/p>\n\n\n\n<p>El congreso tiene la finalidad de dar respuesta a las necesidades del sector, formando ingenieros, constructores, arquitectos y maestros en diferentes especialidades relacionadas con la construcci\u00f3n.<\/p>\n\n\n\n<p>Ser\u00e1 inaugurado en la Ciudad de M\u00e9xico con un simposio, por parte del presidente nacional de la CMIC, Francisco Javier Solares Alem\u00e1n.<\/p>\n\n\n\n<p>Los d\u00edas 2, 3 y 4 de marzo se traslada a Oaxaca, con la presencia de ponentes nacionales e internacionales especializados en diversos aspectos de la valuaci\u00f3n.<\/p>\n\n\n\n<p>De acuerdo con la CMIC Oaxaca, el mundo ha sufrido cambios en todos sus \u00e1mbitos, los cuales se han visto reflejados en las nuevas normas internacionales de valuaci\u00f3n y su pr\u00e1xis.<\/p>\n\n\n\n<p>Por esto mismo, el Tecnol\u00f3gico de la Construcci\u00f3n, como una instituci\u00f3n educativa l\u00edder en la impartici\u00f3n de educaci\u00f3n especializada, con reconocimiento nacional, se propuso organizar un congreso con ponentes internacionales, que son referentes y viven diariamente la metaforfosis de la valuaci\u00f3n.<\/p>\n","protected":false},"excerpt":{"rendered":"<p>Redacci\u00f3n\/Zona Roja. Oaxaca de Ju\u00e1rez, Oax., 5 de febrero de 2022.- Del 2 al 4&hellip;<\/p>\n","protected":false},"author":2,"featured_media":37238,"comment_status":"closed","ping_status":"open","sticky":false,"template":"","format":"standard","meta":{"_lmt_disableupdate":"","_lmt_disable":"","_jetpack_memberships_contains_paid_content":false,"footnotes":""},"categories":[109,46],"tags":[3021],"class_list":["post-37251","post","type-post","status-publish","format-standard","has-post-thumbnail","hentry","category-minuto-a-minuto","category-zona-blanca","tag-camara-mexicana-de-la-industria-de-la-construccion-cmic"],"jetpack_featured_media_url":"https:\/\/zonaroja.com.mx\/wp-content\/uploads\/2022\/02\/CMIC-Congreso-Internacional-de-Valuacion.jpg","jetpack_sharing_enabled":true,"_links":{"self":[{"href":"https:\/\/zonaroja.com.mx\/index.php?rest_route=\/wp\/v2\/posts\/37251","targetHints":{"allow":["GET"]}}],"collection":[{"href":"https:\/\/zonaroja.com.mx\/index.php?rest_route=\/wp\/v2\/posts"}],"about":[{"href":"https:\/\/zonaroja.com.mx\/index.php?rest_route=\/wp\/v2\/types\/post"}],"author":[{"embeddable":true,"href":"https:\/\/zonaroja.com.mx\/index.php?rest_route=\/wp\/v2\/users\/2"}],"replies":[{"embeddable":true,"href":"https:\/\/zonaroja.com.mx\/index.php?rest_route=%2Fwp%2Fv2%2Fcomments&post=37251"}],"version-history":[{"count":1,"href":"https:\/\/zonaroja.com.mx\/index.php?rest_route=\/wp\/v2\/posts\/37251\/revisions"}],"predecessor-version":[{"id":37252,"href":"https:\/\/zonaroja.com.mx\/index.php?rest_route=\/wp\/v2\/posts\/37251\/revisions\/37252"}],"wp:featuredmedia":[{"embeddable":true,"href":"https:\/\/zonaroja.com.mx\/index.php?rest_route=\/wp\/v2\/media\/37238"}],"wp:attachment":[{"href":"https:\/\/zonaroja.com.mx\/index.php?rest_route=%2Fwp%2Fv2%2Fmedia&parent=37251"}],"wp:term":[{"taxonomy":"category","embeddable":true,"href":"https:\/\/zonaroja.com.mx\/index.php?rest_route=%2Fwp%2Fv2%2Fcategories&post=37251"},{"taxonomy":"post_tag","embeddable":true,"href":"https:\/\/zonaroja.com.mx\/index.php?rest_route=%2Fwp%2Fv2%2Ftags&post=37251"}],"curies":[{"name":"wp","href":"https:\/\/api.w.org\/{rel}","templated":true}]}}