{"id":37256,"date":"2022-02-06T07:35:33","date_gmt":"2022-02-06T13:35:33","guid":{"rendered":"http:\/\/www.zonaroja.com.mx\/?p=37256"},"modified":"2022-02-06T07:35:36","modified_gmt":"2022-02-06T13:35:36","slug":"fallece-carmen-santiago-alonso-defensora-de-comunidades-oaxaquenas","status":"publish","type":"post","link":"https:\/\/zonaroja.com.mx\/?p=37256","title":{"rendered":"Fallece Carmen Santiago Alonso, defensora de comunidades oaxaque\u00f1as"},"content":{"rendered":"\n<p>Redacci\u00f3n\/Zona Roja. Foto: Especial<\/p>\n\n\n\n<p>Oaxaca de Ju\u00e1rez, Oax., 6 de febrero de 2022.- Carmen Santiago Alonso, defensora de los derechos de las comunidades zapotecas y de los recursos naturales, falleci\u00f3 anoche, v\u00edctima de una enfermedad terminal y del Covid-19.<\/p>\n\n\n\n<p>D\u00edas antes, familiares y amigos pidieron, a trav\u00e9s de las redes sociales, apoyo econ\u00f3mico para la activista que atravesaba complicaciones de salud; no obstante, anoche alrededor de las 21:00 horas perdi\u00f3 la vida. <\/p>\n\n\n\n<p>Santiago Alonso se ha destacado en al menos tres d\u00e9cadas en la defensa de los recursos naturales, principalmente del agua, en comunidades del distrito de Ocotl\u00e1n y de Zimatl\u00e1n.<\/p>\n\n\n\n<p>Fue mediante la lucha que encabez\u00f3 junto con autoridades municipales y auxiliares que logr\u00f3, por ejemplo, que el gobierno federal retirara la veda que se hab\u00eda impuesto al uso del agua para riego agr\u00edcola en localidades zapotecas, gestiones que duraron al menos una d\u00e9cada.<\/p>\n\n\n\n<p>Precisamente de ello naci\u00f3 la organizaci\u00f3n Coordinadora de Pueblos Unidos por la Defensa del Agua (Copuda).<\/p>\n\n\n\n<p>Hija de Ofelia Alonso y Delfino Santiago, es originaria de San Antonino Castillo Velasco, del distrito de Ocotl\u00e1n, Oaxaca, donde naci\u00f3 en 1952.<\/p>\n\n\n\n<p>Fue destacada tambi\u00e9n integrante de la iglesia cat\u00f3lica y de la lucha social; como misionera trabaj\u00f3 en la localidad de Santa Cruz Itundujia, en la regi\u00f3n Sierra Sur; abrev\u00f3 de don Bartolom\u00e9 Carrasco Brise\u00f1o, Samuel Ruiz y Arturo Lona Reyes, entre otros.<\/p>\n\n\n\n<p>Aproximadamente en 1995 fund\u00f3 la asociaci\u00f3n civil \u201cFlor y Canto\u201d, que dirigi\u00f3 hasta el \u00faltimo d\u00eda de su vida y que pugnaba tambi\u00e9n por la defensa de las mujeres, el derecho a la tierra y la gesti\u00f3n de recursos para acciones sociales.<\/p>\n","protected":false},"excerpt":{"rendered":"<p>Redacci\u00f3n\/Zona Roja. Foto: Especial Oaxaca de Ju\u00e1rez, Oax., 6 de febrero de 2022.- Carmen Santiago&hellip;<\/p>\n","protected":false},"author":2,"featured_media":37257,"comment_status":"closed","ping_status":"open","sticky":false,"template":"","format":"standard","meta":{"_lmt_disableupdate":"","_lmt_disable":"","_jetpack_memberships_contains_paid_content":false,"footnotes":""},"categories":[109,46],"tags":[3022],"class_list":["post-37256","post","type-post","status-publish","format-standard","has-post-thumbnail","hentry","category-minuto-a-minuto","category-zona-blanca","tag-carmen-santiago-alonso"],"jetpack_featured_media_url":"https:\/\/zonaroja.com.mx\/wp-content\/uploads\/2022\/02\/Carmen-Santiago-Alonso.jpg","jetpack_sharing_enabled":true,"_links":{"self":[{"href":"https:\/\/zonaroja.com.mx\/index.php?rest_route=\/wp\/v2\/posts\/37256","targetHints":{"allow":["GET"]}}],"collection":[{"href":"https:\/\/zonaroja.com.mx\/index.php?rest_route=\/wp\/v2\/posts"}],"about":[{"href":"https:\/\/zonaroja.com.mx\/index.php?rest_route=\/wp\/v2\/types\/post"}],"author":[{"embeddable":true,"href":"https:\/\/zonaroja.com.mx\/index.php?rest_route=\/wp\/v2\/users\/2"}],"replies":[{"embeddable":true,"href":"https:\/\/zonaroja.com.mx\/index.php?rest_route=%2Fwp%2Fv2%2Fcomments&post=37256"}],"version-history":[{"count":1,"href":"https:\/\/zonaroja.com.mx\/index.php?rest_route=\/wp\/v2\/posts\/37256\/revisions"}],"predecessor-version":[{"id":37258,"href":"https:\/\/zonaroja.com.mx\/index.php?rest_route=\/wp\/v2\/posts\/37256\/revisions\/37258"}],"wp:featuredmedia":[{"embeddable":true,"href":"https:\/\/zonaroja.com.mx\/index.php?rest_route=\/wp\/v2\/media\/37257"}],"wp:attachment":[{"href":"https:\/\/zonaroja.com.mx\/index.php?rest_route=%2Fwp%2Fv2%2Fmedia&parent=37256"}],"wp:term":[{"taxonomy":"category","embeddable":true,"href":"https:\/\/zonaroja.com.mx\/index.php?rest_route=%2Fwp%2Fv2%2Fcategories&post=37256"},{"taxonomy":"post_tag","embeddable":true,"href":"https:\/\/zonaroja.com.mx\/index.php?rest_route=%2Fwp%2Fv2%2Ftags&post=37256"}],"curies":[{"name":"wp","href":"https:\/\/api.w.org\/{rel}","templated":true}]}}