{"id":37259,"date":"2022-02-06T07:46:54","date_gmt":"2022-02-06T13:46:54","guid":{"rendered":"http:\/\/www.zonaroja.com.mx\/?p=37259"},"modified":"2022-02-06T07:46:56","modified_gmt":"2022-02-06T13:46:56","slug":"balean-a-dos-en-xoxocotlan-oaxaca-muere-uno-en-hospital","status":"publish","type":"post","link":"https:\/\/zonaroja.com.mx\/?p=37259","title":{"rendered":"Balean a dos en Xoxocotl\u00e1n, Oaxaca; muere uno en hospital"},"content":{"rendered":"\n<p>Redacci\u00f3n\/Zona Roja.<\/p>\n\n\n\n<p>Oaxaca de Ju\u00e1rez, Oax., 6 de febrero de 2022.- Dos personas fueron agredidas a balazos anoche, en jurisdicci\u00f3n de Santa Cruz Xoxocotl\u00e1n, colindante con la ciudad de Oaxaca, una de las cuales falleci\u00f3 esta madrugada.<\/p>\n\n\n\n<p>Los hechos ocurrieron en la calle Eduardo Vasconcelos, en inmediaciones de la Ex Garita de dicho municipio; uno de ellos present\u00f3 un roz\u00f3n pero el otro fue herido de gravedad, por lo cual fue trasladado al Hospital General \u201cDr. Aurelio Valdivieso\u201d de la capital.<\/p>\n\n\n\n<p>Sin embargo, la madrugada de hoy falleci\u00f3 quien fue identificado como Uziel Santiago Ju\u00e1rez, cuyos familiares no han acudido a reconocer el cuerpo.<\/p>\n\n\n\n<p>Hasta el momento no se reportan personas detenidas ni hay pistas de los agresores.<\/p>\n","protected":false},"excerpt":{"rendered":"<p>Redacci\u00f3n\/Zona Roja. Oaxaca de Ju\u00e1rez, Oax., 6 de febrero de 2022.- Dos personas fueron agredidas&hellip;<\/p>\n","protected":false},"author":2,"featured_media":7486,"comment_status":"closed","ping_status":"open","sticky":false,"template":"","format":"standard","meta":{"_lmt_disableupdate":"","_lmt_disable":"","_jetpack_memberships_contains_paid_content":false,"footnotes":""},"categories":[109,51],"tags":[133],"class_list":["post-37259","post","type-post","status-publish","format-standard","has-post-thumbnail","hentry","category-minuto-a-minuto","category-zona-roja","tag-santa-cruz-xoxocotlan"],"jetpack_featured_media_url":"https:\/\/zonaroja.com.mx\/wp-content\/uploads\/2020\/01\/Escena-del-crimen7.jpg","jetpack_sharing_enabled":true,"_links":{"self":[{"href":"https:\/\/zonaroja.com.mx\/index.php?rest_route=\/wp\/v2\/posts\/37259","targetHints":{"allow":["GET"]}}],"collection":[{"href":"https:\/\/zonaroja.com.mx\/index.php?rest_route=\/wp\/v2\/posts"}],"about":[{"href":"https:\/\/zonaroja.com.mx\/index.php?rest_route=\/wp\/v2\/types\/post"}],"author":[{"embeddable":true,"href":"https:\/\/zonaroja.com.mx\/index.php?rest_route=\/wp\/v2\/users\/2"}],"replies":[{"embeddable":true,"href":"https:\/\/zonaroja.com.mx\/index.php?rest_route=%2Fwp%2Fv2%2Fcomments&post=37259"}],"version-history":[{"count":1,"href":"https:\/\/zonaroja.com.mx\/index.php?rest_route=\/wp\/v2\/posts\/37259\/revisions"}],"predecessor-version":[{"id":37260,"href":"https:\/\/zonaroja.com.mx\/index.php?rest_route=\/wp\/v2\/posts\/37259\/revisions\/37260"}],"wp:featuredmedia":[{"embeddable":true,"href":"https:\/\/zonaroja.com.mx\/index.php?rest_route=\/wp\/v2\/media\/7486"}],"wp:attachment":[{"href":"https:\/\/zonaroja.com.mx\/index.php?rest_route=%2Fwp%2Fv2%2Fmedia&parent=37259"}],"wp:term":[{"taxonomy":"category","embeddable":true,"href":"https:\/\/zonaroja.com.mx\/index.php?rest_route=%2Fwp%2Fv2%2Fcategories&post=37259"},{"taxonomy":"post_tag","embeddable":true,"href":"https:\/\/zonaroja.com.mx\/index.php?rest_route=%2Fwp%2Fv2%2Ftags&post=37259"}],"curies":[{"name":"wp","href":"https:\/\/api.w.org\/{rel}","templated":true}]}}