{"id":37264,"date":"2022-02-06T15:51:56","date_gmt":"2022-02-06T21:51:56","guid":{"rendered":"http:\/\/www.zonaroja.com.mx\/?p=37264"},"modified":"2022-02-06T15:51:59","modified_gmt":"2022-02-06T21:51:59","slug":"asesinan-en-tijuana-a-otro-periodista-quinto-crimen-de-comunicadores-del-ano","status":"publish","type":"post","link":"https:\/\/zonaroja.com.mx\/?p=37264","title":{"rendered":"Asesinan en Tijuana a otro periodista; quinto crimen de comunicadores del a\u00f1o"},"content":{"rendered":"\n<p>Redacci\u00f3n\/Zona Roja Cdmx.<\/p>\n\n\n\n<p>Ciudad de M\u00e9xico, 6 de febrero de 2022.- Ser periodista en M\u00e9xico es un tema de cuidado. En esta ocasi\u00f3n se confirm\u00f3 que asesinaron en Tijuana, Baja California, a Ernesto Islas Flores, hijo de Marco Antonio Islas Parra. La noticia la dio a conocer el padre en sus redes sociales.<\/p>\n\n\n\n<p>En el mensaje dej\u00f3 claro que le dieron cuatro balazos en la puerta de su casa.&nbsp; El deceso del editor de \u201cNoti Red\u201d ocurri\u00f3 en la madrugada de este domingo 6 de febrero en la colonia Camino Verde, delegaci\u00f3n S\u00e1nchez Taboada.<\/p>\n\n\n\n<p>La noticia la dio a conocer el pap\u00e1 de Ernesto en su cuenta de Facebook, donde coment\u00f3 \u201cHace unos minutos ejecutaron de cuatro balazos a mi hijo Marcos Ernesto, fuera de mi casa\u2026\u201d, expres\u00f3 para despu\u00e9s confirmar que dejaron una \u201cnarcomanta\u201d junto al cuerpo de su hijo.<\/p>\n\n\n\n<p>\u201cAfuera del domicilio donde mataron de cuatro balazos a mi hijo Marcos Ernesto Islas Flores, dejaron tirada una supuesta \u2018narcomanta\u2019 cuyo mensaje desconozco, pero tiene que ver con que lleg\u00f3 la nueva administraci\u00f3n\u201d, escribi\u00f3 en su perfil de Facebook. Se puede entender que va dirigida a la gobernadora del estado Marina del Pilar \u00c1vila.<\/p>\n\n\n\n<p>Islas se convirti\u00f3 en el tercer periodista asesinado en Tijuana en las primeras cinco semanas del 2022. Se tiene que recordar que dos semanas antes la periodista Lourdes Maldonado, quien tambi\u00e9n perdi\u00f3 la vida fuera de su domicilio. En el caso de la periodista se tiene que mencionar que fue a denunciar en una de las ma\u00f1aneras del presidente previo a que la mataran.<\/p>\n\n\n\n<p>El otro periodista que perdi\u00f3 la vida en Tijuana fue Margarito Esquivel, quien se dedicaba al fotoperiodismo. Este asesinato ocurri\u00f3 el 17 de enero. Con el deceso de Islas ya van cinco periodistas que pierden la vida en lo que va del 2022 en M\u00e9xico. Ahora solo queda esperar que se den m\u00e1s detalles sobre lo ocurrido en la frontera de M\u00e9xico con Estados Unidos.<\/p>\n\n\n\n<p>La polic\u00eda acudi\u00f3 al lugar de los hechos para atender lo ocurrido, pero hasta el momento no se tiene m\u00e1s informaci\u00f3n al respecto. Por lo que ser\u00e1 cuesti\u00f3n de tiempo para que se presenten la informaci\u00f3n por parte de la polic\u00eda.<\/p>\n\n\n\n<p>(Informaci\u00f3n de \u00abEl Heraldo de M\u00e9xico\u00bb)<\/p>\n","protected":false},"excerpt":{"rendered":"<p>Redacci\u00f3n\/Zona Roja Cdmx. Ciudad de M\u00e9xico, 6 de febrero de 2022.- Ser periodista en M\u00e9xico&hellip;<\/p>\n","protected":false},"author":2,"featured_media":37265,"comment_status":"closed","ping_status":"open","sticky":false,"template":"","format":"standard","meta":{"_lmt_disableupdate":"","_lmt_disable":"","_jetpack_memberships_contains_paid_content":false,"footnotes":""},"categories":[109,51],"tags":[],"class_list":["post-37264","post","type-post","status-publish","format-standard","has-post-thumbnail","hentry","category-minuto-a-minuto","category-zona-roja"],"jetpack_featured_media_url":"https:\/\/zonaroja.com.mx\/wp-content\/uploads\/2022\/02\/Ernesto-Islas-periodista-Tijuana.jpg","jetpack_sharing_enabled":true,"_links":{"self":[{"href":"https:\/\/zonaroja.com.mx\/index.php?rest_route=\/wp\/v2\/posts\/37264","targetHints":{"allow":["GET"]}}],"collection":[{"href":"https:\/\/zonaroja.com.mx\/index.php?rest_route=\/wp\/v2\/posts"}],"about":[{"href":"https:\/\/zonaroja.com.mx\/index.php?rest_route=\/wp\/v2\/types\/post"}],"author":[{"embeddable":true,"href":"https:\/\/zonaroja.com.mx\/index.php?rest_route=\/wp\/v2\/users\/2"}],"replies":[{"embeddable":true,"href":"https:\/\/zonaroja.com.mx\/index.php?rest_route=%2Fwp%2Fv2%2Fcomments&post=37264"}],"version-history":[{"count":1,"href":"https:\/\/zonaroja.com.mx\/index.php?rest_route=\/wp\/v2\/posts\/37264\/revisions"}],"predecessor-version":[{"id":37266,"href":"https:\/\/zonaroja.com.mx\/index.php?rest_route=\/wp\/v2\/posts\/37264\/revisions\/37266"}],"wp:featuredmedia":[{"embeddable":true,"href":"https:\/\/zonaroja.com.mx\/index.php?rest_route=\/wp\/v2\/media\/37265"}],"wp:attachment":[{"href":"https:\/\/zonaroja.com.mx\/index.php?rest_route=%2Fwp%2Fv2%2Fmedia&parent=37264"}],"wp:term":[{"taxonomy":"category","embeddable":true,"href":"https:\/\/zonaroja.com.mx\/index.php?rest_route=%2Fwp%2Fv2%2Fcategories&post=37264"},{"taxonomy":"post_tag","embeddable":true,"href":"https:\/\/zonaroja.com.mx\/index.php?rest_route=%2Fwp%2Fv2%2Ftags&post=37264"}],"curies":[{"name":"wp","href":"https:\/\/api.w.org\/{rel}","templated":true}]}}