{"id":37271,"date":"2022-02-06T18:59:00","date_gmt":"2022-02-07T00:59:00","guid":{"rendered":"https:\/\/www.zonaroja.com.mx\/?p=37271"},"modified":"2022-02-06T18:59:33","modified_gmt":"2022-02-07T00:59:33","slug":"37271","status":"publish","type":"post","link":"https:\/\/zonaroja.com.mx\/?p=37271","title":{"rendered":"Cr\u00f3nica. \u201cNo esper\u00e1bamos que te fueras tan pronto\u201d, Carmen"},"content":{"rendered":"\n<p>Miguel \u00c1ngel V\u00e1squez de la Rosa*<\/p>\n\n\n\n<p>Oaxaca de Ju\u00e1rez, Oax., 6 de febrero de 2022.- Un grupo de mujeres viste de luces a Carmen. Sollozan. \u00abQu\u00e9 hermosa te ves comadre\u00bb. <\/p>\n\n\n\n<p>La visten con un atuendo de San Antonino Castillo Velasco. Una blusa bordada y una falda guinda. \u00abNo esper\u00e1bamos que te fueras tan pronto\u00bb. <\/p>\n\n\n\n<p>San Antonino est\u00e1 de luto, pero tambi\u00e9n de fiesta. Carmen luch\u00f3 hasta el final. Mujeres visten a Carmen y la peinan y la calzan con unos huaraches de Yal\u00e1lag. <\/p>\n\n\n\n<p>Con Carmen se va una generaci\u00f3n de mujeres que dieron su vida por los pueblos ind\u00edgenas de Oaxaca, desde la opci\u00f3n preferencial por los pobres y los ind\u00edgenas. <\/p>\n\n\n\n<p>\u00abCarmen quer\u00eda que estuvi\u00e9ramos contentos, vamos a cantar\u00bb, nos anima su comadre. La visten y lloran. <\/p>\n\n\n\n<p>Lloramos por lo que fue y por lo que ser\u00e1 su legado. Encarn\u00f3 la teolog\u00eda india al estilo de Bartolom\u00e9: La palabra de Dios se hizo indio, se hizo mujer, se hizo rebeld\u00eda. <\/p>\n\n\n\n<p>Y aqu\u00ed est\u00e1, postrada, como si estuviera viva. Por qu\u00e9 no te levantas Carmen, por qu\u00e9 no vienes a bailar con nosotros un \u201cJarabe del Valle\u201d, como a ti te gustaba, por qu\u00e9 no vienes a tomar un mezcal y a brillar en este mundo que construiste. <\/p>\n\n\n\n<p>Sentimientos encontrados, descansa de una vida intensa, pero ten\u00eda tanto que dar, tanto que aportar.<\/p>\n\n\n\n<p>Hace un par de meses la vimos contenta, era un sol. Hoy las diosas la celebran, le rinden tributo. Gracias por todo Carmen, tu luz seguir\u00e1 encendida y t\u00fa coraz\u00f3n permanecer\u00e1 en nosotros.<\/p>\n\n\n\n<p>Hasta pronto Carmen Santiago Alonso. <\/p>\n\n\n\n<p>* Director de Radio Universidad de la UABJO. <\/p>\n\n\n\n<figure class=\"wp-block-embed\"><div class=\"wp-block-embed__wrapper\">\n<div class=\"twitter-tweet\"><blockquote class=\"twitter-tweet\" data-lang=\"es\"><p lang=\"es\" dir=\"ltr\">Gracias por todo Carmen, tu luz seguir\u00e1 encendida y t\u00fa coraz\u00f3n permanecer\u00e1 en nosotros.<br><br>Hasta pronto Carmen.<br><br>+Carmen Santiago Alonso.<br>San Antonino Castillo Velasco.<br>5 de febrero de 2022.<br><br>Hilo 6 Fin.<\/p>&mdash; Miguel A. V\u00e1squez de la Rosa (@mvasquezdlarosa) <a href=\"https:\/\/twitter.com\/mvasquezdlarosa\/status\/1490428660934979585?ref_src=twsrc%5Etfw\">6 de febrero de 2022<\/a><\/blockquote><\/div>\n<\/div><\/figure>\n\n\n\n<p><\/p>\n","protected":false},"excerpt":{"rendered":"<p>Miguel \u00c1ngel V\u00e1squez de la Rosa* Oaxaca de Ju\u00e1rez, Oax., 6 de febrero de 2022.-&hellip;<\/p>\n","protected":false},"author":2,"featured_media":37270,"comment_status":"closed","ping_status":"open","sticky":false,"template":"","format":"standard","meta":{"_lmt_disableupdate":"","_lmt_disable":"","_jetpack_memberships_contains_paid_content":false,"footnotes":""},"categories":[109,46],"tags":[3022],"class_list":["post-37271","post","type-post","status-publish","format-standard","has-post-thumbnail","hentry","category-minuto-a-minuto","category-zona-blanca","tag-carmen-santiago-alonso"],"jetpack_featured_media_url":"https:\/\/zonaroja.com.mx\/wp-content\/uploads\/2022\/02\/img_4079.jpg","jetpack_sharing_enabled":true,"_links":{"self":[{"href":"https:\/\/zonaroja.com.mx\/index.php?rest_route=\/wp\/v2\/posts\/37271","targetHints":{"allow":["GET"]}}],"collection":[{"href":"https:\/\/zonaroja.com.mx\/index.php?rest_route=\/wp\/v2\/posts"}],"about":[{"href":"https:\/\/zonaroja.com.mx\/index.php?rest_route=\/wp\/v2\/types\/post"}],"author":[{"embeddable":true,"href":"https:\/\/zonaroja.com.mx\/index.php?rest_route=\/wp\/v2\/users\/2"}],"replies":[{"embeddable":true,"href":"https:\/\/zonaroja.com.mx\/index.php?rest_route=%2Fwp%2Fv2%2Fcomments&post=37271"}],"version-history":[{"count":2,"href":"https:\/\/zonaroja.com.mx\/index.php?rest_route=\/wp\/v2\/posts\/37271\/revisions"}],"predecessor-version":[{"id":37273,"href":"https:\/\/zonaroja.com.mx\/index.php?rest_route=\/wp\/v2\/posts\/37271\/revisions\/37273"}],"wp:featuredmedia":[{"embeddable":true,"href":"https:\/\/zonaroja.com.mx\/index.php?rest_route=\/wp\/v2\/media\/37270"}],"wp:attachment":[{"href":"https:\/\/zonaroja.com.mx\/index.php?rest_route=%2Fwp%2Fv2%2Fmedia&parent=37271"}],"wp:term":[{"taxonomy":"category","embeddable":true,"href":"https:\/\/zonaroja.com.mx\/index.php?rest_route=%2Fwp%2Fv2%2Fcategories&post=37271"},{"taxonomy":"post_tag","embeddable":true,"href":"https:\/\/zonaroja.com.mx\/index.php?rest_route=%2Fwp%2Fv2%2Ftags&post=37271"}],"curies":[{"name":"wp","href":"https:\/\/api.w.org\/{rel}","templated":true}]}}