{"id":37287,"date":"2022-02-06T20:16:49","date_gmt":"2022-02-07T02:16:49","guid":{"rendered":"http:\/\/www.zonaroja.com.mx\/?p=37287"},"modified":"2022-02-06T20:16:51","modified_gmt":"2022-02-07T02:16:51","slug":"otra-masacre-en-juchitan-ahora-dos-mujeres-un-adulto-y-una-menor","status":"publish","type":"post","link":"https:\/\/zonaroja.com.mx\/?p=37287","title":{"rendered":"\u00a1Otra masacre en Juchit\u00e1n! Ahora dos mujeres, un adulto y una menor"},"content":{"rendered":"\n<p>Ismael Garc\u00eda M.\/Zona Roja.<\/p>\n\n\n\n<p>Oaxaca de Ju\u00e1rez, Oax., 6 de febrero de 2022.- Una tercera familia fue acribillada a balazos en menos de una semana en Juchit\u00e1n de Zaragoza, municipio de la regi\u00f3n del Istmo de Oaxaca.<\/p>\n\n\n\n<p>Seg\u00fan las primeras informaciones, se trata de tres mujeres, entre ellas una menor de edad, y un adulto, hechos ocurridos esta tarde-noche en un domicilio de la calle L\u00e1zaro C\u00e1rdenas de la colonia Gustavo Pineda.<\/p>\n\n\n\n<p>De manera preliminar las v\u00edctimas fueron identificadas como Arsenia Vicente S\u00e1nchez, de 34 a\u00f1os de edad; Valentina Vicente S\u00e1nchez, de 36 a\u00f1os, y la menor Dayana Patricio V., de tres a\u00f1os; un adulto a\u00fan no ha sido identificado.<\/p>\n\n\n\n<p>Apenas el pasado 3 de febrero fueron asesinadas tres mujeres en Juchit\u00e1n, entre ellas una menor de edad, y el d\u00eda anterior, otras tres personas, de las cuales dos fueron mujeres.<\/p>\n\n\n\n<p>Hasta el momento la Fiscal\u00eda General del Estado de Oaxaca no ha emitido informaci\u00f3n sobre alguna detenci\u00f3n. Tampoco la polic\u00eda municipal que preside el edil morenista Emilio Montero P\u00e9rez ha detallado las acciones que emprende para frenar la grave ola delictiva.<\/p>\n","protected":false},"excerpt":{"rendered":"<p>Ismael Garc\u00eda M.\/Zona Roja. Oaxaca de Ju\u00e1rez, Oax., 6 de febrero de 2022.- Una tercera&hellip;<\/p>\n","protected":false},"author":2,"featured_media":37288,"comment_status":"closed","ping_status":"open","sticky":false,"template":"","format":"standard","meta":{"_lmt_disableupdate":"","_lmt_disable":"","_jetpack_memberships_contains_paid_content":false,"footnotes":""},"categories":[109,51],"tags":[123],"class_list":["post-37287","post","type-post","status-publish","format-standard","has-post-thumbnail","hentry","category-minuto-a-minuto","category-zona-roja","tag-juchitan-de-zaragoza"],"jetpack_featured_media_url":"https:\/\/zonaroja.com.mx\/wp-content\/uploads\/2022\/02\/Masacre-Juchitan-de-Zaragoza.jpg","jetpack_sharing_enabled":true,"_links":{"self":[{"href":"https:\/\/zonaroja.com.mx\/index.php?rest_route=\/wp\/v2\/posts\/37287","targetHints":{"allow":["GET"]}}],"collection":[{"href":"https:\/\/zonaroja.com.mx\/index.php?rest_route=\/wp\/v2\/posts"}],"about":[{"href":"https:\/\/zonaroja.com.mx\/index.php?rest_route=\/wp\/v2\/types\/post"}],"author":[{"embeddable":true,"href":"https:\/\/zonaroja.com.mx\/index.php?rest_route=\/wp\/v2\/users\/2"}],"replies":[{"embeddable":true,"href":"https:\/\/zonaroja.com.mx\/index.php?rest_route=%2Fwp%2Fv2%2Fcomments&post=37287"}],"version-history":[{"count":1,"href":"https:\/\/zonaroja.com.mx\/index.php?rest_route=\/wp\/v2\/posts\/37287\/revisions"}],"predecessor-version":[{"id":37289,"href":"https:\/\/zonaroja.com.mx\/index.php?rest_route=\/wp\/v2\/posts\/37287\/revisions\/37289"}],"wp:featuredmedia":[{"embeddable":true,"href":"https:\/\/zonaroja.com.mx\/index.php?rest_route=\/wp\/v2\/media\/37288"}],"wp:attachment":[{"href":"https:\/\/zonaroja.com.mx\/index.php?rest_route=%2Fwp%2Fv2%2Fmedia&parent=37287"}],"wp:term":[{"taxonomy":"category","embeddable":true,"href":"https:\/\/zonaroja.com.mx\/index.php?rest_route=%2Fwp%2Fv2%2Fcategories&post=37287"},{"taxonomy":"post_tag","embeddable":true,"href":"https:\/\/zonaroja.com.mx\/index.php?rest_route=%2Fwp%2Fv2%2Ftags&post=37287"}],"curies":[{"name":"wp","href":"https:\/\/api.w.org\/{rel}","templated":true}]}}