{"id":37290,"date":"2022-02-06T20:53:52","date_gmt":"2022-02-07T02:53:52","guid":{"rendered":"http:\/\/www.zonaroja.com.mx\/?p=37290"},"modified":"2022-02-06T20:53:55","modified_gmt":"2022-02-07T02:53:55","slug":"semana-mortal-por-covid-59-muertes-y-4937-contagiados","status":"publish","type":"post","link":"https:\/\/zonaroja.com.mx\/?p=37290","title":{"rendered":"Semana mortal por Covid: 59 muertes y 4,937 contagiados"},"content":{"rendered":"\n<p>Redacci\u00f3n\/Zona Roja.<\/p>\n\n\n\n<p>Oaxaca de Ju\u00e1rez, Oax. 6 de febrero de 2022.- Durante el per\u00edodo comprendido del 30 de enero al 5 de febrero la entidad registr\u00f3 un acumulado de 105 mil 353 casos confirmados de Covid-19, observando una ligera disminuci\u00f3n, pasando de seis mil 116 a cuatro mil 937 registros esta semana.<\/p>\n\n\n\n<p>Respecto al promedio de ocupaci\u00f3n hospitalaria para la atenci\u00f3n a pacientes con complicaciones derivadas de esta enfermedad fue de 42.3%. Adem\u00e1s, se reportaron 59 desafortunados decesos a causa de esta patolog\u00eda respiratoria, 18 m\u00e1s que la semana anterior.<\/p>\n\n\n\n<p>De acuerdo con un comunicado de los Servicios de Salud de Oaxaca, de los 570 municipios de la entidad, solo 29 comunidades se mantienen libres de este coronavirus, de ah\u00ed la importancia de que la poblaci\u00f3n siga protegi\u00e9ndose y actuando de manera responsable, con la finalidad de contener la pandemia.<\/p>\n\n\n\n<p>La dependencia detall\u00f3 que, siguiendo la Estrategia de la Pol\u00edtica Nacional de Vacunaci\u00f3n contra el virus SARS-CoV-2 para la prevenci\u00f3n de la Covid-19 en M\u00e9xico, en la entidad se aplicaron 62 mil 429 dosis, de las cuales 31 mil 665 fueron de la farmac\u00e9utica AstraZeneca; 30 mil 166 de Pfizer BioNTech y 598 del biol\u00f3gico CanSino.<\/p>\n\n\n\n<p>Agreg\u00f3 que, con base al \u00abLineamiento para la estimaci\u00f3n de riesgos del sem\u00e1foro por regiones COVID-19\u00bb emitido por el Gobierno Federal, la entidad oaxaque\u00f1a estar\u00e1 en color amarillo del lunes 7 hasta el domingo 20 de febrero del a\u00f1o en curso, informaron los Servicios de Salud de Oaxaca (SSO).<\/p>\n\n\n\n<p>En el informe de este 6 de febrero, la instituci\u00f3n record\u00f3 a la poblaci\u00f3n que este cambio del sem\u00e1foro significa que el riesgo de contagio es medio y el uso del cubrebocas sigue siendo obligatorio en todos los espacios p\u00fablicos y cerrados.<\/p>\n\n\n\n<p>De igual forma, asever\u00f3, que para cortar la transmisi\u00f3n del virus es importante aplicar con disciplina todas las medidas de prevenci\u00f3n vigentes desde el inicio de la pandemia, como: la sana distancia, el lavado de manos frecuente con agua y jab\u00f3n, as\u00ed como evitar acudir a eventos masivos.<\/p>\n\n\n\n<p>Se\u00f1al\u00f3 que es importante que las personas que no han sido inmunizadas y quienes est\u00e1n pr\u00f3ximos a recibir el refuerzo acudan a los puestos de vacunaci\u00f3n cuando les corresponda, pues las vacunas protegen y disminuyen el riesgo de desarrollar la enfermedad grave.<\/p>\n\n\n\n<p>As\u00ed tambi\u00e9n esta instituci\u00f3n de Salud puntualiz\u00f3 que, para frenar el incremento de casos, hospitalizaciones, brotes comunitarios y defunciones, es necesario que todas y todos pongan el mayor esfuerzo implementando en todo tiempo las normas sanitarias para limitar la transmisi\u00f3n del Covid-19, ya que no es tiempo de confiarse.<\/p>\n","protected":false},"excerpt":{"rendered":"<p>Redacci\u00f3n\/Zona Roja. Oaxaca de Ju\u00e1rez, Oax. 6 de febrero de 2022.- Durante el per\u00edodo comprendido&hellip;<\/p>\n","protected":false},"author":2,"featured_media":37291,"comment_status":"closed","ping_status":"open","sticky":false,"template":"","format":"standard","meta":{"_lmt_disableupdate":"","_lmt_disable":"","_jetpack_memberships_contains_paid_content":false,"footnotes":""},"categories":[109,47],"tags":[1512],"class_list":["post-37290","post","type-post","status-publish","format-standard","has-post-thumbnail","hentry","category-minuto-a-minuto","category-zona-gris","tag-coronavirus-oaxaca"],"jetpack_featured_media_url":"https:\/\/zonaroja.com.mx\/wp-content\/uploads\/2022\/02\/Covid-coronavirus-Oaxaca-calles-gente.jpg","jetpack_sharing_enabled":true,"_links":{"self":[{"href":"https:\/\/zonaroja.com.mx\/index.php?rest_route=\/wp\/v2\/posts\/37290","targetHints":{"allow":["GET"]}}],"collection":[{"href":"https:\/\/zonaroja.com.mx\/index.php?rest_route=\/wp\/v2\/posts"}],"about":[{"href":"https:\/\/zonaroja.com.mx\/index.php?rest_route=\/wp\/v2\/types\/post"}],"author":[{"embeddable":true,"href":"https:\/\/zonaroja.com.mx\/index.php?rest_route=\/wp\/v2\/users\/2"}],"replies":[{"embeddable":true,"href":"https:\/\/zonaroja.com.mx\/index.php?rest_route=%2Fwp%2Fv2%2Fcomments&post=37290"}],"version-history":[{"count":1,"href":"https:\/\/zonaroja.com.mx\/index.php?rest_route=\/wp\/v2\/posts\/37290\/revisions"}],"predecessor-version":[{"id":37292,"href":"https:\/\/zonaroja.com.mx\/index.php?rest_route=\/wp\/v2\/posts\/37290\/revisions\/37292"}],"wp:featuredmedia":[{"embeddable":true,"href":"https:\/\/zonaroja.com.mx\/index.php?rest_route=\/wp\/v2\/media\/37291"}],"wp:attachment":[{"href":"https:\/\/zonaroja.com.mx\/index.php?rest_route=%2Fwp%2Fv2%2Fmedia&parent=37290"}],"wp:term":[{"taxonomy":"category","embeddable":true,"href":"https:\/\/zonaroja.com.mx\/index.php?rest_route=%2Fwp%2Fv2%2Fcategories&post=37290"},{"taxonomy":"post_tag","embeddable":true,"href":"https:\/\/zonaroja.com.mx\/index.php?rest_route=%2Fwp%2Fv2%2Ftags&post=37290"}],"curies":[{"name":"wp","href":"https:\/\/api.w.org\/{rel}","templated":true}]}}