{"id":37294,"date":"2022-02-07T06:59:53","date_gmt":"2022-02-07T12:59:53","guid":{"rendered":"http:\/\/www.zonaroja.com.mx\/?p=37294"},"modified":"2022-02-07T06:59:55","modified_gmt":"2022-02-07T12:59:55","slug":"confirma-fiscalia-masacre-de-cuatro-en-juchitan-tres-son-mujeres","status":"publish","type":"post","link":"https:\/\/zonaroja.com.mx\/?p=37294","title":{"rendered":"Confirma Fiscal\u00eda masacre de cuatro en Juchit\u00e1n; tres son mujeres"},"content":{"rendered":"\n<p>Ismael Garc\u00eda M.\/Zona Roja.<\/p>\n\n\n\n<p>Oaxaca de Ju\u00e1rez, Oax., 7 de febrero de 2022.- La Fiscal\u00eda General del Estado de Oaxaca (FGEO) confirm\u00f3 anoche la masacre registrada en Juchit\u00e1n de Zaragoza, en que asesinaron a tres mujeres y un adulto, adem\u00e1s de dos lesionados de gravedad.<\/p>\n\n\n\n<p>A trav\u00e9s de sus redes sociales, indic\u00f3 que dio inicio a la Carpeta de Investigaci\u00f3n 4249\/FIST\/JUCHIT\u00c1N\/2022, por los delitos de homicidio calificado y lesiones.<\/p>\n\n\n\n<p>Expuso que despleg\u00f3 a personal pericial, agentes del Ministerio P\u00fablico y de la Agencia Estatal de Investigaciones (AEI), a fin de iniciar las diligencias correspondientes para esclarecer este crimen.<\/p>\n\n\n\n<p>Los hechos sucedieron aproximadamente a las 18:45 horas de ayer domingo en un domicilio ubicado en la calle L\u00e1zaro C\u00e1rdenas de la colonia Gustavo Pineda de la Cruz, en que un grupo armado ingres\u00f3 y acribill\u00f3 a los integrantes de toda la familia.<\/p>\n\n\n\n<p>Las v\u00edctimas fueron identificadas como Arsenia V. S., de 34 a\u00f1os de edad; Valentina V. S., de 36 a\u00f1os, y Dayana P. V., de tres a\u00f1os de edad; del adulto que falleci\u00f3 en el hospital \u201cDr. Macedonio Fuentes\u201d a\u00fan no han sido aportados sus datos generales.<\/p>\n\n\n\n<p>Tras ello, los delincuentes huyeron de la zona sin ninguna complicaci\u00f3n, a falta de vigilancia por parte de la polic\u00eda municipal de Juchit\u00e1n.<\/p>\n\n\n\n<p>Hasta el momento el presidente municipal, Emilio Montero P\u00e9rez, no ha dado a conocer su postura y las acciones que emprender\u00e1 respecto a tres masacres recientes, en que han sido ejecutadas 10 personas, de las cuales ocho mujeres.<\/p>\n","protected":false},"excerpt":{"rendered":"<p>Ismael Garc\u00eda M.\/Zona Roja. Oaxaca de Ju\u00e1rez, Oax., 7 de febrero de 2022.- La Fiscal\u00eda&hellip;<\/p>\n","protected":false},"author":2,"featured_media":37295,"comment_status":"closed","ping_status":"open","sticky":false,"template":"","format":"standard","meta":{"_lmt_disableupdate":"","_lmt_disable":"","_jetpack_memberships_contains_paid_content":false,"footnotes":""},"categories":[109,51],"tags":[123],"class_list":["post-37294","post","type-post","status-publish","format-standard","has-post-thumbnail","hentry","category-minuto-a-minuto","category-zona-roja","tag-juchitan-de-zaragoza"],"jetpack_featured_media_url":"https:\/\/zonaroja.com.mx\/wp-content\/uploads\/2022\/02\/Asesinados-Juchitan-Oaxaca-familia.jpg","jetpack_sharing_enabled":true,"_links":{"self":[{"href":"https:\/\/zonaroja.com.mx\/index.php?rest_route=\/wp\/v2\/posts\/37294","targetHints":{"allow":["GET"]}}],"collection":[{"href":"https:\/\/zonaroja.com.mx\/index.php?rest_route=\/wp\/v2\/posts"}],"about":[{"href":"https:\/\/zonaroja.com.mx\/index.php?rest_route=\/wp\/v2\/types\/post"}],"author":[{"embeddable":true,"href":"https:\/\/zonaroja.com.mx\/index.php?rest_route=\/wp\/v2\/users\/2"}],"replies":[{"embeddable":true,"href":"https:\/\/zonaroja.com.mx\/index.php?rest_route=%2Fwp%2Fv2%2Fcomments&post=37294"}],"version-history":[{"count":1,"href":"https:\/\/zonaroja.com.mx\/index.php?rest_route=\/wp\/v2\/posts\/37294\/revisions"}],"predecessor-version":[{"id":37296,"href":"https:\/\/zonaroja.com.mx\/index.php?rest_route=\/wp\/v2\/posts\/37294\/revisions\/37296"}],"wp:featuredmedia":[{"embeddable":true,"href":"https:\/\/zonaroja.com.mx\/index.php?rest_route=\/wp\/v2\/media\/37295"}],"wp:attachment":[{"href":"https:\/\/zonaroja.com.mx\/index.php?rest_route=%2Fwp%2Fv2%2Fmedia&parent=37294"}],"wp:term":[{"taxonomy":"category","embeddable":true,"href":"https:\/\/zonaroja.com.mx\/index.php?rest_route=%2Fwp%2Fv2%2Fcategories&post=37294"},{"taxonomy":"post_tag","embeddable":true,"href":"https:\/\/zonaroja.com.mx\/index.php?rest_route=%2Fwp%2Fv2%2Ftags&post=37294"}],"curies":[{"name":"wp","href":"https:\/\/api.w.org\/{rel}","templated":true}]}}