{"id":37297,"date":"2022-02-07T08:13:55","date_gmt":"2022-02-07T14:13:55","guid":{"rendered":"http:\/\/www.zonaroja.com.mx\/?p=37297"},"modified":"2022-02-07T08:13:58","modified_gmt":"2022-02-07T14:13:58","slug":"opinion-revocacion-de-mandato-de-la-4t-circo-y-gasto-inutil","status":"publish","type":"post","link":"https:\/\/zonaroja.com.mx\/?p=37297","title":{"rendered":"Opini\u00f3n. Revocaci\u00f3n de mandato de la 4T, circo y gasto in\u00fatil"},"content":{"rendered":"\n<p>Ismael Garc\u00eda M.\/Zona Roja.<\/p>\n\n\n\n<p>Oaxaca de Ju\u00e1rez, Oax., 7 de febrero de 2022.- Para lo \u00fanico que ha servido hasta ahora la promoci\u00f3n del la Revocaci\u00f3n de Mandato, \u201cejercicio democr\u00e1tico\u201d que impulsa la 4T, es para sembrar enconos en el pa\u00eds y para publicitar m\u00e1s al Presidente Andr\u00e9s Manuel L\u00f3pez Obrador.<\/p>\n\n\n\n<p>Pero, adem\u00e1s, es una actividad in\u00fatil que ha sido \u00fatil para minar al Instituto Nacional Electoral\u2026 y para gastar mil 567.4 millones de pesos para su organizaci\u00f3n; el \u00f3rgano ped\u00eda recursos adicionales por mil 738.9 millones de pesos.<\/p>\n\n\n\n<p>\u00bfLEGAL? \u00bfQU\u00c9 ES?<\/p>\n\n\n\n<p>Tras m\u00faltiples discusiones, el pasado 14 de septiembre de 2021 entr\u00f3 en vigor la Ley de Revocaci\u00f3n de Mandato, al ser publicada en el Peri\u00f3dico Oficial del Estado, lego de la aprobaci\u00f3n por el Poder Legislativo.<\/p>\n\n\n\n<p>Se trata de un proceso mediante el cual, a la mitad del sexenio &#8211;en este caso de Andr\u00e9s Manuel L\u00f3pez Obrador&#8211;, los mexicanos podr\u00e1n acudir a las urnas para decidir si contin\u00faa en funciones el mandatario federal o se le revoca el cargo.<\/p>\n\n\n\n<p>Evidentemente que es, m\u00e1s que una determinaci\u00f3n \u201cpopular\u201d, es una demostraci\u00f3n m\u00e1s de la fuerza presidencial en el pa\u00eds que, con algunos vaivenes, mantiene una popularidad aproximada del 60 por ciento en el pa\u00eds.<\/p>\n\n\n\n<p>Se busca, supuestamente, que con ello se afiance el Presidente en el cargo y argumente que contin\u00faa con el respaldo de la mayor\u00eda de los mexicanos; sin embargo, no es m\u00e1s que un ardid publicitario de la imagen presidencial.<\/p>\n\n\n\n<p>MUERTOS VOTANTES<\/p>\n\n\n\n<p>Una vez aprobada la ley, de noviembre y hasta el 15 de diciembre, militantes del Partido Morena colocaron mesas de recepci\u00f3n de firmas, para respaldar dicha iniciativa, y al t\u00e9rmino de ello deb\u00eda colectar firmas del tres por ciento de la lista nominal electoral, es decir, alrededor de 2.7 millones de pesos<\/p>\n\n\n\n<p>Para que los resultados de este ejercicio sean vinculantes deber\u00e1 participar el 40% del padr\u00f3n, es decir, unos 36.4 millones de electores. En tanto, para que una eventual revocaci\u00f3n del mandato del presidente prospere, deber\u00e1n estar de acuerdo la mitad m\u00e1s uno de los participantes.<\/p>\n\n\n\n<p>Y con tal de alcanzar la cifra del tres por ciento de la lista nominal, los morenistas recurrieron a m\u00faltiples pr\u00e1cticas t\u00edpicas del PRI, que tanto criticaban.<\/p>\n\n\n\n<p>El INE detect\u00f3 que casi 13 mil personas fallecidas votaron a favor de la revocaci\u00f3n de mandato de Andr\u00e9s Manuel L\u00f3pez Obrador.<\/p>\n\n\n\n<p>En enero pasado inform\u00f3 que 12 mil 789 firmas corresponden a personas que fueron dadas de baja por fallecimiento. Asimismo, 21 mil 90 firmas de personas que ya no est\u00e1n en la lista nominal por credenciales sin vigencia fueron validadas como votos.<\/p>\n\n\n\n<p>Mientras que 68 mil 355 firmas fueron entregadas sin copia de credencial de elector y seis mil 205 tarjetas del INE no contaban con firma o huella dactilar.<\/p>\n\n\n\n<p>De acuerdo con las cifras oficiales del INE, para el proceso de revocaci\u00f3n de mandato se recaudaron dos millones 845 mil 634 firmas, es decir, el 103.1% de lo requerido por la ley.<\/p>\n\n\n\n<p>INICIA EL CIRCO<\/p>\n\n\n\n<p>El proceso no ha estado exento de dimes y diretes a lo largo de m\u00e1s de un a\u00f1o; acusaciones desde la palestra presidencial llamada conferencia de prensa y respuestas tambi\u00e9n agresivas por parte del INE.<\/p>\n\n\n\n<p>Dinero, el argumento para hacer o no dicho ejercicio y reproches por parte de los consejeros encabezados por Lorenzo C\u00f3rdova.<\/p>\n\n\n\n<p>Finalmente, el pasado viernes, el Consejo General del INE aprob\u00f3 la convocatoria y el inicio formal de este proceso, in\u00e9dito en el pa\u00eds, y ese mismo d\u00eda inici\u00f3 una jornada de veda electoral para todas las instituciones de gobierno, que culminar\u00e1 el 10 de abril, en que se efectuar\u00e1n las elecciones.<\/p>\n\n\n\n<p>Seg\u00fan un comunicado del INE, \u201csi bien la Revocaci\u00f3n de Mandato no se realizar\u00e1 en las mejores condiciones, este ejercicio va gracias al INE y a algunas resoluciones del Poder Judicial, tanto del Tribunal Electoral, como de la Suprema Corte de Justicia de la Naci\u00f3n, que blindan jur\u00eddicamente el proceso de la Revocaci\u00f3n de Mandato.<\/p>\n\n\n\n<p>\u201cLa primera Revocaci\u00f3n de Mandato en esta historia va a conducirse y llevarse a cabo exitosamente\u201d, afirm\u00f3.<\/p>\n\n\n\n<p>\u201cLa Revocaci\u00f3n de Mandato, &nbsp;de ninguna manera puede leerse como la posibilidad de que el Presidente L\u00f3pez Obrador extienda su mandato un minuto m\u00e1s all\u00e1 del que le fue conferido en las urnas en 2018.<\/p>\n\n\n\n<p>\u201cSi el 10 de abril vota m\u00e1s del 40% del padr\u00f3n, del Listado Nominal, esto es, algo m\u00e1s de 37 millones 200 mil personas y, la mayor\u00eda absoluta de esos ciudadanos, determinaran que el Presidente debe dejar su encargo, la consecuencia ser\u00eda que el sexenio no termina, pero de ninguna manera el resultado contrario puede implicar que en M\u00e9xico volvamos a tiempos ya idos, resueltos, hace pr\u00e1cticamente un siglo en los cuales se exploraba la posibilidad de reelecci\u00f3n o de ampliar la duraci\u00f3n del mandato\u201d, precis\u00f3 el INE a trav\u00e9s de uno de sus consejeros.<\/p>\n\n\n\n<p>\u201c\u00bfEst\u00e1s de acuerdo en que a Andr\u00e9s Manuel L\u00f3pez Obrador, Presidente de los Estados Unidos Mexicanos, se le revoque el mandato por p\u00e9rdida de la confianza o siga en la Presidencia de la Rep\u00fablica hasta que termine su periodo?\u201d, es la pregunta de la jornada comicial.<\/p>\n\n\n\n<p>\u00bfQU\u00c9 CONSEGUIREMOS?<\/p>\n\n\n\n<p>Nada, absolutamente nada conseguir\u00e1 M\u00e9xico con el ejercicio de Revocaci\u00f3n de Mandato. Como se dijo al inicio, s\u00f3lo es un ejercicio publicitario para afianzar el poder presidencial y al Partido Morena, justamente en las v\u00edsperas de elecciones de gubernaturas del pa\u00eds.<\/p>\n\n\n\n<p>Como ya lo han mostrado las m\u00faltiples encuestas, L\u00f3pez Obrador contin\u00faa con una alta popularidad e incluso ya se han hecho sondeos respecto a los posibles resultados de este ejercicio.<\/p>\n\n\n\n<p>Por tanto, ya se sabe de antemano que los mexicanos \u201cdecidir\u00e1n\u201d que el mandatario mexicano contin\u00fae en el cargo y, m\u00e1s fortalecido, L\u00f3pez Obrador podr\u00e1 seguir gobernando al estilo omn\u00edmodo.<\/p>\n","protected":false},"excerpt":{"rendered":"<p>Ismael Garc\u00eda M.\/Zona Roja. Oaxaca de Ju\u00e1rez, Oax., 7 de febrero de 2022.- Para lo&hellip;<\/p>\n","protected":false},"author":2,"featured_media":7610,"comment_status":"closed","ping_status":"open","sticky":false,"template":"","format":"standard","meta":{"_lmt_disableupdate":"","_lmt_disable":"","_jetpack_memberships_contains_paid_content":false,"footnotes":""},"categories":[456,109,48],"tags":[1353],"class_list":["post-37297","post","type-post","status-publish","format-standard","has-post-thumbnail","hentry","category-columna","category-minuto-a-minuto","category-zona-critica","tag-opinion-zona-critica"],"jetpack_featured_media_url":"https:\/\/zonaroja.com.mx\/wp-content\/uploads\/2020\/01\/Opini\u00f3n-Zona-Cr\u00edtica.jpg","jetpack_sharing_enabled":true,"_links":{"self":[{"href":"https:\/\/zonaroja.com.mx\/index.php?rest_route=\/wp\/v2\/posts\/37297","targetHints":{"allow":["GET"]}}],"collection":[{"href":"https:\/\/zonaroja.com.mx\/index.php?rest_route=\/wp\/v2\/posts"}],"about":[{"href":"https:\/\/zonaroja.com.mx\/index.php?rest_route=\/wp\/v2\/types\/post"}],"author":[{"embeddable":true,"href":"https:\/\/zonaroja.com.mx\/index.php?rest_route=\/wp\/v2\/users\/2"}],"replies":[{"embeddable":true,"href":"https:\/\/zonaroja.com.mx\/index.php?rest_route=%2Fwp%2Fv2%2Fcomments&post=37297"}],"version-history":[{"count":1,"href":"https:\/\/zonaroja.com.mx\/index.php?rest_route=\/wp\/v2\/posts\/37297\/revisions"}],"predecessor-version":[{"id":37298,"href":"https:\/\/zonaroja.com.mx\/index.php?rest_route=\/wp\/v2\/posts\/37297\/revisions\/37298"}],"wp:featuredmedia":[{"embeddable":true,"href":"https:\/\/zonaroja.com.mx\/index.php?rest_route=\/wp\/v2\/media\/7610"}],"wp:attachment":[{"href":"https:\/\/zonaroja.com.mx\/index.php?rest_route=%2Fwp%2Fv2%2Fmedia&parent=37297"}],"wp:term":[{"taxonomy":"category","embeddable":true,"href":"https:\/\/zonaroja.com.mx\/index.php?rest_route=%2Fwp%2Fv2%2Fcategories&post=37297"},{"taxonomy":"post_tag","embeddable":true,"href":"https:\/\/zonaroja.com.mx\/index.php?rest_route=%2Fwp%2Fv2%2Ftags&post=37297"}],"curies":[{"name":"wp","href":"https:\/\/api.w.org\/{rel}","templated":true}]}}