{"id":37307,"date":"2022-02-07T14:34:18","date_gmt":"2022-02-07T20:34:18","guid":{"rendered":"https:\/\/www.zonaroja.com.mx\/?p=37307"},"modified":"2022-02-07T14:35:55","modified_gmt":"2022-02-07T20:35:55","slug":"con-orden-y-en-paz-en-santa-lucia-del-camino-renuevan-comites-de-colonos","status":"publish","type":"post","link":"https:\/\/zonaroja.com.mx\/?p=37307","title":{"rendered":"Con orden y en paz, en Santa Luc\u00eda del Camino renuevan comit\u00e9s de colonos"},"content":{"rendered":"\n<p>Redacci\u00f3n\/Zona Roja. <\/p>\n\n\n\n<p>Oaxaca de Ju\u00e1rez, Oax., 7 de febrero de 2021.- Comprometidos con coadyuvar acciones en beneficio del bienestar colectivo, vecinas y vecinos de colonias de Santa Luc\u00eda del Camino realizaron el ejercicio correspondiente para renovar sus comit\u00e9s; esto, con el apoyo del ayuntamiento, y en estricto apego a la normatividad.<\/p>\n\n\n\n<p>En una primera instancia, este 5 de febrero de 2022 a las 18:00 horas, se llev\u00f3 a cabo la reuni\u00f3n donde asistieron 27 vecinos de la colonia El Baj\u00edo, donde se procedi\u00f3 a leer la convocatoria emitida el 31 de enero del mismo a\u00f1o, y que se peg\u00f3 con cinco d\u00edas de anticipaci\u00f3n en puntos visibles y transitados del asentamiento.<\/p>\n\n\n\n<p>Los presentes, solicitaron al representante del municipio, \u00c1ngel V\u00e1squez Flores, sometiera a votaci\u00f3n el continuar con dicha asamblea, pues no exist\u00eda qu\u00f3rum, por lo cual respetando la petici\u00f3n de los asistentes se procedi\u00f3 a votar, donde 23 votos fueron en contra de la renovaci\u00f3n del comit\u00e9 de colonia, externando que se lleve a cabo en una pr\u00f3xima fecha la asamblea; y 4 votos a favor de la renovaci\u00f3n del comit\u00e9 de la colonia.<\/p>\n\n\n\n<p>Sin embargo, el presidente del Comit\u00e9 de la Colonia El Baj\u00edo, Leonel Ivais Cort\u00e9s Mart\u00ednez, manifest\u00f3 en la reuni\u00f3n ya no poder seguir ejerciendo su cargo, derivado de asuntos laborales, por lo que mencion\u00f3 har\u00e1 llegar su renuncia a la Direcci\u00f3n de Agencias y Colonias.<\/p>\n\n\n\n<p>Por otro lado, vecinas y vecinos de la colonia Yala\u00e1ag respondieron a la convocatoria emitida el 31 de enero de 2022 para la de renovaci\u00f3n de su comit\u00e9, por lo que este domingo 6 de febrero a las 10:00 horas, se llev\u00f3 a cabo la asamblea para la renovaci\u00f3n del mismo; las y los ciudadanos, designaron a sus representantes de manera democr\u00e1tica, quedando de la siguiente manera:<\/p>\n\n\n\n<p>Presidente &#8211; Carlos Armando Mart\u00ednez SernasSecretario &#8211; Sandro V\u00e1squez GoparTesorero &#8211; Ruperto Navarrete D\u00edazVocal 1 &#8211; Josefa Basilica S.Vocal 2 &#8211; Carmen Gonzalez Cano. <\/p>\n","protected":false},"excerpt":{"rendered":"<p>Redacci\u00f3n\/Zona Roja. Oaxaca de Ju\u00e1rez, Oax., 7 de febrero de 2021.- Comprometidos con coadyuvar acciones&hellip;<\/p>\n","protected":false},"author":2,"featured_media":37306,"comment_status":"closed","ping_status":"open","sticky":false,"template":"","format":"standard","meta":{"_lmt_disableupdate":"","_lmt_disable":"","_jetpack_memberships_contains_paid_content":false,"footnotes":""},"categories":[109,46],"tags":[],"class_list":["post-37307","post","type-post","status-publish","format-standard","has-post-thumbnail","hentry","category-minuto-a-minuto","category-zona-blanca"],"jetpack_featured_media_url":"https:\/\/zonaroja.com.mx\/wp-content\/uploads\/2022\/02\/9277157d-a211-454c-9022-ec035579a865.jpg","jetpack_sharing_enabled":true,"_links":{"self":[{"href":"https:\/\/zonaroja.com.mx\/index.php?rest_route=\/wp\/v2\/posts\/37307","targetHints":{"allow":["GET"]}}],"collection":[{"href":"https:\/\/zonaroja.com.mx\/index.php?rest_route=\/wp\/v2\/posts"}],"about":[{"href":"https:\/\/zonaroja.com.mx\/index.php?rest_route=\/wp\/v2\/types\/post"}],"author":[{"embeddable":true,"href":"https:\/\/zonaroja.com.mx\/index.php?rest_route=\/wp\/v2\/users\/2"}],"replies":[{"embeddable":true,"href":"https:\/\/zonaroja.com.mx\/index.php?rest_route=%2Fwp%2Fv2%2Fcomments&post=37307"}],"version-history":[{"count":1,"href":"https:\/\/zonaroja.com.mx\/index.php?rest_route=\/wp\/v2\/posts\/37307\/revisions"}],"predecessor-version":[{"id":37308,"href":"https:\/\/zonaroja.com.mx\/index.php?rest_route=\/wp\/v2\/posts\/37307\/revisions\/37308"}],"wp:featuredmedia":[{"embeddable":true,"href":"https:\/\/zonaroja.com.mx\/index.php?rest_route=\/wp\/v2\/media\/37306"}],"wp:attachment":[{"href":"https:\/\/zonaroja.com.mx\/index.php?rest_route=%2Fwp%2Fv2%2Fmedia&parent=37307"}],"wp:term":[{"taxonomy":"category","embeddable":true,"href":"https:\/\/zonaroja.com.mx\/index.php?rest_route=%2Fwp%2Fv2%2Fcategories&post=37307"},{"taxonomy":"post_tag","embeddable":true,"href":"https:\/\/zonaroja.com.mx\/index.php?rest_route=%2Fwp%2Fv2%2Ftags&post=37307"}],"curies":[{"name":"wp","href":"https:\/\/api.w.org\/{rel}","templated":true}]}}