{"id":37309,"date":"2022-02-07T16:27:24","date_gmt":"2022-02-07T22:27:24","guid":{"rendered":"http:\/\/www.zonaroja.com.mx\/?p=37309"},"modified":"2022-02-07T16:27:28","modified_gmt":"2022-02-07T22:27:28","slug":"sin-control-violencia-feminicida-en-oaxaca-se-consuma-hoy-otro-asesinato","status":"publish","type":"post","link":"https:\/\/zonaroja.com.mx\/?p=37309","title":{"rendered":"Sin control violencia feminicida en Oaxaca; se consuma hoy otro asesinato"},"content":{"rendered":"\n<p>Yuridiana Sosa\/Zona Roja<\/p>\n\n\n\n<p>Oaxaca de Ju\u00e1rez, Oax., 7 de febrero de 2022.- Sin vida y sobre la v\u00eda p\u00fablica, fue hallado el cuerpo de una mujer la ma\u00f1ana de este lunes en la capital del estado, hecho que representar\u00eda el d\u00e9cimo feminicidio en el transcurso de una semana en Oaxaca.<\/p>\n\n\n\n<p>La mujer, de la que se desconoce su identidad, presentaba huellas de violencia, entre los que destacaron golpes en el rostro, de acuerdo a los reportes preliminares.<\/p>\n\n\n\n<p>El cuerpo fue localizado sobre el \u00e1rea del estacionamiento de una tienda de conveniencia, ubicada en inmediaciones de la ribera del r\u00edo \u201cAtoyac\u201d, cerca de la Central de Abasto de la ciudad de Oaxaca.<\/p>\n\n\n\n<p>El Grupo de Estudios sobre la mujer \u201cRosario Castellanos\u201d (GES Mujer), dio a conocer que entre enero y febrero de este a\u00f1o han ocurrido 18 feminicidios, de los cu\u00e1les 10 se han cometido en este segundo mes del a\u00f1o, lo que representa un incremento en comparaci\u00f3n a febrero de 2021, que cerr\u00f3 con siete hechos.<\/p>\n\n\n\n<p>As\u00ed como los restos de esta v\u00edctima fueron localizados en la v\u00eda p\u00fablica, dos casos m\u00e1s tambi\u00e9n lo han sido, mientras que en nueve casos, la mayor cantidad, han sido localizados dentro de una vivienda, seg\u00fan el recuento de la asociaci\u00f3n.<\/p>\n\n\n\n<figure class=\"wp-block-embed is-type-rich is-provider-twitter wp-block-embed-twitter\"><div class=\"wp-block-embed__wrapper\">\n<div class=\"twitter-tweet\"><blockquote class=\"twitter-tweet\" data-lang=\"es\"><p lang=\"es\" dir=\"ltr\"><a href=\"https:\/\/twitter.com\/hashtag\/%C3%9AltimoMinuto?src=hash&amp;ref_src=twsrc%5Etfw\">#\u00daltimoMinuto<\/a> <br>Otra mujer probablemente asesinada, cuyo cuerpo presenta  huellas de violencia, en inmediaciones de la ribera del r\u00edo \u201cAtoyac\u201d, cerca de la Central de Abasto de la ciudad de <a href=\"https:\/\/twitter.com\/hashtag\/Oaxaca?src=hash&amp;ref_src=twsrc%5Etfw\">#Oaxaca<\/a>. <a href=\"https:\/\/t.co\/U8b0aDuIxq\">pic.twitter.com\/U8b0aDuIxq<\/a><\/p>&mdash; Zona Roja Oaxaca (@Zona_Roja_Oax) <a href=\"https:\/\/twitter.com\/Zona_Roja_Oax\/status\/1490707052275978242?ref_src=twsrc%5Etfw\">7 de febrero de 2022<\/a><\/blockquote><\/div>\n<\/div><\/figure>\n\n\n\n<p>ESCALADA VIOLENCIA<\/p>\n\n\n\n<p>Los asesinatos contra mujeres no se han detenido desde inicio de a\u00f1o y en el segundo mes la violencia escala con velocidad, donde las v\u00edctimas tambi\u00e9n son menores de edad.<\/p>\n\n\n\n<p>El presunto feminicidio ocurrido este lunes es el cuarto que se registra en el transcurso de la tarde de ayer y esta ma\u00f1ana en la entidad.<\/p>\n\n\n\n<p>La tarde-noche de este domingo, cerca de las 18:30 horas, una familia fue atacada a balazos en el interior de un domicilio en el municipio de Juchit\u00e1n de Zaragoza, donde dos mujeres, una menor de edad de aproximadamente tres a\u00f1os y un var\u00f3n, perdieron la vida y dos personas m\u00e1s, resultaron heridos.<\/p>\n\n\n\n<p>Es Juchit\u00e1n de Zaragoza uno de los municipios que en los d\u00edas pasados m\u00e1s hechos violentos ha registrado y donde al menos ocho mujeres, entre ellas menores de edad, han perdido la vida.<\/p>\n\n\n\n<p>Dicha incidencia posiciona a la regi\u00f3n del Istmo de Tehuantepec como la n\u00famero uno en feminicidios durante el 2022, con 12 de los 18 casos; seguido de cincos casos en Valles Centrales y uno en la Ca\u00f1ada.<\/p>\n\n\n\n<p>Por los hechos m\u00e1s recientes, de este domingo, la Fiscal\u00eda General de Oaxaca inform\u00f3 que inici\u00f3 carpeta de investigaci\u00f3n 4249\/FIST\/JUCHIT\u00c1N\/2022, por los delitos de homicidio calificado y lesiones.<\/p>\n","protected":false},"excerpt":{"rendered":"<p>Yuridiana Sosa\/Zona Roja Oaxaca de Ju\u00e1rez, Oax., 7 de febrero de 2022.- Sin vida y&hellip;<\/p>\n","protected":false},"author":2,"featured_media":37310,"comment_status":"closed","ping_status":"open","sticky":false,"template":"","format":"standard","meta":{"_lmt_disableupdate":"","_lmt_disable":"","_jetpack_memberships_contains_paid_content":false,"footnotes":""},"categories":[109,51],"tags":[148],"class_list":["post-37309","post","type-post","status-publish","format-standard","has-post-thumbnail","hentry","category-minuto-a-minuto","category-zona-roja","tag-oaxaca-de-juarez"],"jetpack_featured_media_url":"https:\/\/zonaroja.com.mx\/wp-content\/uploads\/2022\/02\/Feminicidio-ciudad-de-Oaxaca.jpg","jetpack_sharing_enabled":true,"_links":{"self":[{"href":"https:\/\/zonaroja.com.mx\/index.php?rest_route=\/wp\/v2\/posts\/37309","targetHints":{"allow":["GET"]}}],"collection":[{"href":"https:\/\/zonaroja.com.mx\/index.php?rest_route=\/wp\/v2\/posts"}],"about":[{"href":"https:\/\/zonaroja.com.mx\/index.php?rest_route=\/wp\/v2\/types\/post"}],"author":[{"embeddable":true,"href":"https:\/\/zonaroja.com.mx\/index.php?rest_route=\/wp\/v2\/users\/2"}],"replies":[{"embeddable":true,"href":"https:\/\/zonaroja.com.mx\/index.php?rest_route=%2Fwp%2Fv2%2Fcomments&post=37309"}],"version-history":[{"count":1,"href":"https:\/\/zonaroja.com.mx\/index.php?rest_route=\/wp\/v2\/posts\/37309\/revisions"}],"predecessor-version":[{"id":37312,"href":"https:\/\/zonaroja.com.mx\/index.php?rest_route=\/wp\/v2\/posts\/37309\/revisions\/37312"}],"wp:featuredmedia":[{"embeddable":true,"href":"https:\/\/zonaroja.com.mx\/index.php?rest_route=\/wp\/v2\/media\/37310"}],"wp:attachment":[{"href":"https:\/\/zonaroja.com.mx\/index.php?rest_route=%2Fwp%2Fv2%2Fmedia&parent=37309"}],"wp:term":[{"taxonomy":"category","embeddable":true,"href":"https:\/\/zonaroja.com.mx\/index.php?rest_route=%2Fwp%2Fv2%2Fcategories&post=37309"},{"taxonomy":"post_tag","embeddable":true,"href":"https:\/\/zonaroja.com.mx\/index.php?rest_route=%2Fwp%2Fv2%2Ftags&post=37309"}],"curies":[{"name":"wp","href":"https:\/\/api.w.org\/{rel}","templated":true}]}}