{"id":37313,"date":"2022-02-07T20:27:53","date_gmt":"2022-02-08T02:27:53","guid":{"rendered":"http:\/\/www.zonaroja.com.mx\/?p=37313"},"modified":"2022-02-07T21:41:01","modified_gmt":"2022-02-08T03:41:01","slug":"nos-ha-ido-de-pior-en-pior-ambulante-de-la-tercera-edad-y-sin-permiso","status":"publish","type":"post","link":"https:\/\/zonaroja.com.mx\/?p=37313","title":{"rendered":"\u201cNos ha ido de \u2018pior en pior\u2019 \u201d: ambulante de la tercera edad y sin permiso"},"content":{"rendered":"\n<p>Yuridiana Sosa\/Zona Roja.<\/p>\n\n\n\n<p>Oaxaca de Ju\u00e1rez, Oax., 7 de febrero de 2022.- Sorprendida por el tiempo de su vida que ha pasado como vendedora ambulante en el Centro Hist\u00f3rico de Oaxaca, do\u00f1a Celsa tambi\u00e9n se asombra que hasta ahora las autoridades le piden papeles para poder continuar con su labor.<\/p>\n\n\n\n<p>Cada d\u00eda, desde hace unos 40 a\u00f1os, la mujer ya de la tercera edad, viaja desde Cuil\u00e1pam de Guerrero &#8211;a unos 15 kil\u00f3metros de la capital&#8211; hasta el municipio de Oaxaca de Ju\u00e1rez para vender fruta de temporada.<\/p>\n\n\n\n<p>Mientras acomoda en un vaso mangos rebanados, do\u00f1a Celsa asegura que ahora no sabe qu\u00e9 debe hacer para continuar con su puesto, ahora ubicado en la calle de Aldama, casi frente a la entrada del mercado 20 de Noviembre.<\/p>\n\n\n\n<p>En casi cuatro d\u00e9cadas no ha tenido tratos con alguna autoridad, pues el pago de su \u201cderecho de piso\u201d lo hac\u00eda a Carmela Luj\u00e1n, una de las lideresas de vendedores ambulantes en la capital y principalmente en la zona centro.<\/p>\n\n\n\n<p>Pero este lunes como parte del operativo de reordenamiento que lleva a cabo el gobierno municipal de Oaxaca, de Francisco Mart\u00ednez Neri,&nbsp; la directora de Comercio en V\u00eda P\u00fablica, Biviana Garc\u00eda, visit\u00f3 su puesto y demand\u00f3 el permiso otorgado por la autoridad municipal.<\/p>\n\n\n\n<p>La mujer y su hermana, quienes comparten calle, no cuentan con lo requerido; los documentos mostrados no son v\u00e1lidos, y ahora se encuentran en la incertidumbre.<\/p>\n\n\n\n<p>\u201cNos ha ido de \u2018pior en pior\u2019, que zonza verdad\u201d, dice do\u00f1a Celsa al tiempo que muestra una ligera sonrisa que est\u00e1 lejos de tratarse de un gesto alegre, es por nervios ante su situaci\u00f3n.<\/p>\n\n\n\n<p>A su alrededor, varios puestos m\u00e1s sobre esa calle amurallada por los mercados han sido retirados por ser considerados irregulares.<\/p>\n\n\n\n<p>CAMBIO DE IMAGEN<\/p>\n\n\n\n<p>Entre los mercados \u201c20 de Noviembre \u201c y \u201cBenito Ju\u00e1rez\u201d hay un aire de cambio; m\u00e1s libre, m\u00e1s limpio, m\u00e1s ordenado.<\/p>\n\n\n\n<p>Decenas de puestos ambulantes lograron ser retirados y en su lugar, del costado al mercado \u201cBenito Ju\u00e1rez\u201d varios metros de calle donde antes hab\u00eda estructuras fueron destinados a zona para personas con discapacidad y cajones especiales para otras maniobras.<\/p>\n\n\n\n<p>Enfrente, el acceso del mercado \u201c20 de Noviembre\u201d fue despejado, la imagen cambi\u00f3 radicalmente luego que estaba copado de puestos que apenas dejaban pasar al peat\u00f3n.<\/p>\n\n\n\n<p>Lo mismo se aprecia sobre el costado de la iglesia de San Juan de Dios, donde los puestos fueron delimitados a un solo espacio de la banqueta, por lo que ahora los personas pueden caminar sin problemas.<\/p>\n\n\n\n<p>El cambio a\u00fan no es total en el Centro Hist\u00f3rico a una semana del operativo, pero en esta calle, los avances son significativos.<\/p>\n","protected":false},"excerpt":{"rendered":"<p>Yuridiana Sosa\/Zona Roja. Oaxaca de Ju\u00e1rez, Oax., 7 de febrero de 2022.- Sorprendida por el&hellip;<\/p>\n","protected":false},"author":2,"featured_media":37311,"comment_status":"closed","ping_status":"open","sticky":false,"template":"","format":"standard","meta":{"_lmt_disableupdate":"","_lmt_disable":"","_jetpack_memberships_contains_paid_content":false,"footnotes":""},"categories":[109,47],"tags":[1843],"class_list":["post-37313","post","type-post","status-publish","format-standard","has-post-thumbnail","hentry","category-minuto-a-minuto","category-zona-gris","tag-comerciantes-ambulantes-ciudad-de-oaxaca"],"jetpack_featured_media_url":"https:\/\/zonaroja.com.mx\/wp-content\/uploads\/2022\/02\/Ambulantes-reordenamiento-ciudad-de-Oaxaca.jpg","jetpack_sharing_enabled":true,"_links":{"self":[{"href":"https:\/\/zonaroja.com.mx\/index.php?rest_route=\/wp\/v2\/posts\/37313","targetHints":{"allow":["GET"]}}],"collection":[{"href":"https:\/\/zonaroja.com.mx\/index.php?rest_route=\/wp\/v2\/posts"}],"about":[{"href":"https:\/\/zonaroja.com.mx\/index.php?rest_route=\/wp\/v2\/types\/post"}],"author":[{"embeddable":true,"href":"https:\/\/zonaroja.com.mx\/index.php?rest_route=\/wp\/v2\/users\/2"}],"replies":[{"embeddable":true,"href":"https:\/\/zonaroja.com.mx\/index.php?rest_route=%2Fwp%2Fv2%2Fcomments&post=37313"}],"version-history":[{"count":2,"href":"https:\/\/zonaroja.com.mx\/index.php?rest_route=\/wp\/v2\/posts\/37313\/revisions"}],"predecessor-version":[{"id":37322,"href":"https:\/\/zonaroja.com.mx\/index.php?rest_route=\/wp\/v2\/posts\/37313\/revisions\/37322"}],"wp:featuredmedia":[{"embeddable":true,"href":"https:\/\/zonaroja.com.mx\/index.php?rest_route=\/wp\/v2\/media\/37311"}],"wp:attachment":[{"href":"https:\/\/zonaroja.com.mx\/index.php?rest_route=%2Fwp%2Fv2%2Fmedia&parent=37313"}],"wp:term":[{"taxonomy":"category","embeddable":true,"href":"https:\/\/zonaroja.com.mx\/index.php?rest_route=%2Fwp%2Fv2%2Fcategories&post=37313"},{"taxonomy":"post_tag","embeddable":true,"href":"https:\/\/zonaroja.com.mx\/index.php?rest_route=%2Fwp%2Fv2%2Ftags&post=37313"}],"curies":[{"name":"wp","href":"https:\/\/api.w.org\/{rel}","templated":true}]}}