{"id":37315,"date":"2022-02-07T21:00:09","date_gmt":"2022-02-08T03:00:09","guid":{"rendered":"http:\/\/www.zonaroja.com.mx\/?p=37315"},"modified":"2022-02-07T21:00:12","modified_gmt":"2022-02-08T03:00:12","slug":"recorre-dirigencia-de-nueva-alianza-region-de-la-cuenca","status":"publish","type":"post","link":"https:\/\/zonaroja.com.mx\/?p=37315","title":{"rendered":"Recorre dirigencia de Nueva Alianza regi\u00f3n de la Cuenca"},"content":{"rendered":"\n<p>Redacci\u00f3n\/Zona Roja.<\/p>\n\n\n\n<p>Oaxaca de Ju\u00e1rez, Oax., 7 de febrero de 2022.- En su visita por la Cuenca del Papalopan, el coordinador de vinculaci\u00f3n con los sectores del Partido Nueva Alianza Oaxaca (NAO), confirm\u00f3 su compromiso con las comunidades rurales, con las que avanzan en el esfuerzo de construir un Oaxaca de Futuro.<\/p>\n\n\n\n<p>En su recorrido por San Juan Bautista Tuxtepec, Loma Bonita y San Lucas Ojitl\u00e1n, L\u00f3pez L\u00f3pez constat\u00f3 no solo las necesidades, sino la fortaleza de la poblaci\u00f3n para enfrentar los retos provocados por la crisis econ\u00f3mica, de seguridad y sanitaria que se agudiz\u00f3 a partir del inicio de la pandemia.<\/p>\n\n\n\n<p>Al recibir la visita de las y los dirigentes de NAO, as\u00ed como de la diputada Adriana Altamirano Rosales, quien acompa\u00f1\u00f3 en el recorrido, los productores de pi\u00f1a agradecieron la visita, pero en especial, la sensibilidad demostrada hacia ese sector al reunirse con ellos muy de madrugada, cuando comienzan las labores del campo.<\/p>\n\n\n\n<p>\u201cEstamos aqu\u00ed porque es donde debemos verlos y ser testigos de las necesidades que tienen para desarrollar sus faenas diarias, porque solo as\u00ed, escuch\u00e1ndolos de su voz podremos dise\u00f1ar un proyecto que resuelva sus necesidades, as\u00ed debe hacerse la pol\u00edtica, cercana y directa\u201d, dijo Bersha\u00edn L\u00f3pez.<\/p>\n\n\n\n<p>En el lugar, los productores lamentaron que muchos apoyos al campo se hayan cancelado, solo por decisiones tomadas en los escritorios, por eso reiteraron su reconocimiento a los dirigentes del turquesa, por su intenci\u00f3n de conocer la situaci\u00f3n que prevalecen en el campo.<\/p>\n\n\n\n<p>Adem\u00e1s del encuentro que tuvo con la militancia de su partido, el coordinador de Nueva Alianza Oaxaca, recorri\u00f3 algunas zonas de alta marginaci\u00f3n en los municipios visitados, d\u00f3nde escuch\u00f3 a los vecinos y platic\u00f3 con ellos.<\/p>\n\n\n\n<p>Ah\u00ed, Bersah\u00edn L\u00f3pez manifest\u00f3 su preocupaci\u00f3n por la creciente pobreza en la entidad y la condici\u00f3n en que se encuentran muchas personas de la tercera edad a pesar del apoyo federal que reciben.<\/p>\n\n\n\n<p>Y es que destac\u00f3, que se requieren programas asertivos que atiendan de forma integral a los grupos de mayor vulnerabilidad, como lo son los adultos mayores.<\/p>\n\n\n\n<p>\u201cEse es el sentido de nuestro trabajo, crear propuestas dirigidas al verdadero desarrollo integral de las familias, a la protecci\u00f3n de sus derechos, a la promoci\u00f3n de pol\u00edticas p\u00fablicas transversales que reduzcan en todo sentido la desigualdad social\u201d, puntualiz\u00f3.<\/p>\n\n\n\n<p>En su recorrido de fin de semana donde la dirigencia turquesa comparti\u00f3 su postura frente al proceso electoral en Oaxaca, participaron los l\u00edderes de NAO en la zona: Serafina Esteban Regules, Mar\u00eda Luisa Vallejo, Elso P\u00e9rez Raymundo Rivera y Jos\u00e9 Villamil.<\/p>\n","protected":false},"excerpt":{"rendered":"<p>Redacci\u00f3n\/Zona Roja. Oaxaca de Ju\u00e1rez, Oax., 7 de febrero de 2022.- En su visita por&hellip;<\/p>\n","protected":false},"author":2,"featured_media":37317,"comment_status":"closed","ping_status":"open","sticky":false,"template":"","format":"standard","meta":{"_lmt_disableupdate":"","_lmt_disable":"","_jetpack_memberships_contains_paid_content":false,"footnotes":""},"categories":[109,46],"tags":[3003],"class_list":["post-37315","post","type-post","status-publish","format-standard","has-post-thumbnail","hentry","category-minuto-a-minuto","category-zona-blanca","tag-bersahin-lopez-lopez"],"jetpack_featured_media_url":"https:\/\/zonaroja.com.mx\/wp-content\/uploads\/2022\/02\/Bersahin-Lopez-Nueva-Alianza.jpg","jetpack_sharing_enabled":true,"_links":{"self":[{"href":"https:\/\/zonaroja.com.mx\/index.php?rest_route=\/wp\/v2\/posts\/37315","targetHints":{"allow":["GET"]}}],"collection":[{"href":"https:\/\/zonaroja.com.mx\/index.php?rest_route=\/wp\/v2\/posts"}],"about":[{"href":"https:\/\/zonaroja.com.mx\/index.php?rest_route=\/wp\/v2\/types\/post"}],"author":[{"embeddable":true,"href":"https:\/\/zonaroja.com.mx\/index.php?rest_route=\/wp\/v2\/users\/2"}],"replies":[{"embeddable":true,"href":"https:\/\/zonaroja.com.mx\/index.php?rest_route=%2Fwp%2Fv2%2Fcomments&post=37315"}],"version-history":[{"count":1,"href":"https:\/\/zonaroja.com.mx\/index.php?rest_route=\/wp\/v2\/posts\/37315\/revisions"}],"predecessor-version":[{"id":37318,"href":"https:\/\/zonaroja.com.mx\/index.php?rest_route=\/wp\/v2\/posts\/37315\/revisions\/37318"}],"wp:featuredmedia":[{"embeddable":true,"href":"https:\/\/zonaroja.com.mx\/index.php?rest_route=\/wp\/v2\/media\/37317"}],"wp:attachment":[{"href":"https:\/\/zonaroja.com.mx\/index.php?rest_route=%2Fwp%2Fv2%2Fmedia&parent=37315"}],"wp:term":[{"taxonomy":"category","embeddable":true,"href":"https:\/\/zonaroja.com.mx\/index.php?rest_route=%2Fwp%2Fv2%2Fcategories&post=37315"},{"taxonomy":"post_tag","embeddable":true,"href":"https:\/\/zonaroja.com.mx\/index.php?rest_route=%2Fwp%2Fv2%2Ftags&post=37315"}],"curies":[{"name":"wp","href":"https:\/\/api.w.org\/{rel}","templated":true}]}}