{"id":37319,"date":"2022-02-07T21:24:17","date_gmt":"2022-02-08T03:24:17","guid":{"rendered":"http:\/\/www.zonaroja.com.mx\/?p=37319"},"modified":"2022-02-07T21:24:20","modified_gmt":"2022-02-08T03:24:20","slug":"enesimo-enfrentamiento-de-normalistas-con-policias-en-michoacan","status":"publish","type":"post","link":"https:\/\/zonaroja.com.mx\/?p=37319","title":{"rendered":"En\u00e9simo enfrentamiento de normalistas con polic\u00edas en Michoac\u00e1n"},"content":{"rendered":"\n<p>Redacci\u00f3n\/Zona Roja Cdmx.<\/p>\n\n\n\n<p>Ciudad de M\u00e9xico, 7 de febrero de 2022.- Por tercera ocasi\u00f3n en los \u00faltimos ocho d\u00edas, maestros de la Coordinadora Nacional de Trabajadores de la Educaci\u00f3n (CNTE) se confrontaron contra elementos de la Polic\u00eda Michoac\u00e1n y de la Guardia Nacional, en la ciudad de Uruapan.<\/p>\n\n\n\n<p>Los profesores, de la fracci\u00f3n magisterial denominada \u00abPoder de Base\u00bb convocaron a sus agremiados a una marcha masiva en la localidad de Caltzontzin.<\/p>\n\n\n\n<p>En esta ocasi\u00f3n, se concentraron en la salida a la localidad de La Cofrad\u00eda, punto donde derribaron dos \u00e1rboles que colocaron sobre las v\u00edas, junto a montones de piedras para impedir el paso del tren.<\/p>\n\n\n\n<p>Los oficiales se trasladaron a ese lugar para detener las acciones de los centistas, pero fueron agredidos con palos, piedras, cohetones y otros objetos, lo que deriv\u00f3 en un enfrentamiento que no dej\u00f3 personas lesionadas.<\/p>\n\n\n\n<p>Los maestros derribaron \u00e1rboles y da\u00f1aron la red ferroviaria para tratar de bloquearla.<\/p>\n\n\n\n<p>&#8216;Poder de Base\u00bb desisti\u00f3 de su movilizaci\u00f3n en Caltzontzin y se replegaron, por lo que hay tensi\u00f3n en la zona debido a la permanencia del contingente docente que adem\u00e1s, es apoyado por habitantes y normalistas.<\/p>\n\n\n\n<p>Los maestros insisten en bloquear las v\u00edas del tren con la consigna de lograr que el gobierno de Michoac\u00e1n nombre a L\u00e1zaro M\u00e1rquez Joaqu\u00edn, como nuevo director de Educaci\u00f3n Ind\u00edgena de la Secretar\u00eda de Educaci\u00f3n en el Estado.<\/p>\n\n\n\n<p>Pero debido a que ese tramo ferroviario se encuentra custodiado por las corporaciones de seguridad, se suscitaron dos enfrentamientos la semana pasada, y uno tercero este lunes.<\/p>\n","protected":false},"excerpt":{"rendered":"<p>Redacci\u00f3n\/Zona Roja Cdmx. Ciudad de M\u00e9xico, 7 de febrero de 2022.- Por tercera ocasi\u00f3n en&hellip;<\/p>\n","protected":false},"author":2,"featured_media":37320,"comment_status":"closed","ping_status":"open","sticky":false,"template":"","format":"standard","meta":{"_lmt_disableupdate":"","_lmt_disable":"","_jetpack_memberships_contains_paid_content":false,"footnotes":""},"categories":[109,47],"tags":[622],"class_list":["post-37319","post","type-post","status-publish","format-standard","has-post-thumbnail","hentry","category-minuto-a-minuto","category-zona-gris","tag-michoacan"],"jetpack_featured_media_url":"https:\/\/zonaroja.com.mx\/wp-content\/uploads\/2022\/02\/Enfrentamiento-maestros-Michoacan.webp","jetpack_sharing_enabled":true,"_links":{"self":[{"href":"https:\/\/zonaroja.com.mx\/index.php?rest_route=\/wp\/v2\/posts\/37319","targetHints":{"allow":["GET"]}}],"collection":[{"href":"https:\/\/zonaroja.com.mx\/index.php?rest_route=\/wp\/v2\/posts"}],"about":[{"href":"https:\/\/zonaroja.com.mx\/index.php?rest_route=\/wp\/v2\/types\/post"}],"author":[{"embeddable":true,"href":"https:\/\/zonaroja.com.mx\/index.php?rest_route=\/wp\/v2\/users\/2"}],"replies":[{"embeddable":true,"href":"https:\/\/zonaroja.com.mx\/index.php?rest_route=%2Fwp%2Fv2%2Fcomments&post=37319"}],"version-history":[{"count":1,"href":"https:\/\/zonaroja.com.mx\/index.php?rest_route=\/wp\/v2\/posts\/37319\/revisions"}],"predecessor-version":[{"id":37321,"href":"https:\/\/zonaroja.com.mx\/index.php?rest_route=\/wp\/v2\/posts\/37319\/revisions\/37321"}],"wp:featuredmedia":[{"embeddable":true,"href":"https:\/\/zonaroja.com.mx\/index.php?rest_route=\/wp\/v2\/media\/37320"}],"wp:attachment":[{"href":"https:\/\/zonaroja.com.mx\/index.php?rest_route=%2Fwp%2Fv2%2Fmedia&parent=37319"}],"wp:term":[{"taxonomy":"category","embeddable":true,"href":"https:\/\/zonaroja.com.mx\/index.php?rest_route=%2Fwp%2Fv2%2Fcategories&post=37319"},{"taxonomy":"post_tag","embeddable":true,"href":"https:\/\/zonaroja.com.mx\/index.php?rest_route=%2Fwp%2Fv2%2Ftags&post=37319"}],"curies":[{"name":"wp","href":"https:\/\/api.w.org\/{rel}","templated":true}]}}