{"id":37323,"date":"2022-02-07T21:50:13","date_gmt":"2022-02-08T03:50:13","guid":{"rendered":"http:\/\/www.zonaroja.com.mx\/?p=37323"},"modified":"2022-02-07T21:50:16","modified_gmt":"2022-02-08T03:50:16","slug":"inicia-oaxaca-semaforo-amarillo-de-covid-con-295-contagiados","status":"publish","type":"post","link":"https:\/\/zonaroja.com.mx\/?p=37323","title":{"rendered":"Inicia Oaxaca sem\u00e1foro amarillo de Covid con 295 contagiados"},"content":{"rendered":"\n<p>Redacci\u00f3n\/Zona Roja.<\/p>\n\n\n\n<p>Oaxaca de Ju\u00e1rez, Oax. 7 de febrero de 2022.- Este lunes los casos de Covid-19 en el estado llegaron a los 105 mil 959 positivos acumulados, 295 m\u00e1s que ayer, mientras que cinco mil 805 est\u00e1n como sospechosos y 78 mil 189 fueron negativos, as\u00ed lo informaron los Servicios de Salud de Oaxaca (SSO).<\/p>\n\n\n\n<p>En este sentido, se registr\u00f3 un global de 190 mil 465 notificaciones, se ha dado de alta m\u00e9dica a 95 mil 387 personas, y se agregaron para este lunes cuatro defunciones, para un total de cinco mil 805 personas que han perdido la vida por complicaciones generadas por el virus.<\/p>\n\n\n\n<p>En cuanto a los casos de preocupaci\u00f3n que son los activos, hoy suman un total de cuatro mil 767 personas que cursan con la enfermedad en 189 municipios, de los cuales dos mil 853 pertenecen a Valles Centrales, 829 al Istmo, 566 a Tuxtepec, 255 a la Costa, 143 a la Mixteca y 121 a la Sierra.<\/p>\n\n\n\n<p>Asimismo, el 49.2% de los confirmados acumulados corresponden al sexo femenino y el 50.8% al masculino; del global de positivos, 12 mil 229 han necesitado ingreso hospitalario y 93 mil 730 fueron reportados como ambulatorios.<\/p>\n\n\n\n<p>La Jurisdicci\u00f3n Sanitaria de Valles Centrales contin\u00faa siendo la zona m\u00e1s afectada, con un universo de 63 mil 678 pacientes; seguido por el Istmo con 15 mil 140, Tuxtepec con ocho mil 213, Costa con siete mil 462, la Mixteca con ocho mil y la Sierra con tres mil 466.<\/p>\n\n\n\n<p>En las \u00faltimas 24 horas se detectaron 54 municipios con contagios nuevos, como: Oaxaca de Ju\u00e1rez con 128, Santa Cruz Xoxocotl\u00e1n con 16, Villa de Zaachila con 15, Salina Cruz con 13 e igual n\u00famero en San Pablo Etla, principalmente.<\/p>\n\n\n\n<p>En lo que correspondiente al n\u00famero de fallecimientos, la dependencia report\u00f3 que dos mil 577 corresponden a personas residentes de Valles Centrales, mil 236 del Istmo, 583 de Tuxtepec, 486 de la Costa, 592 de la Mixteca, as\u00ed como 331 de la Sierra.<\/p>\n\n\n\n<figure class=\"wp-block-embed is-type-rich is-provider-twitter wp-block-embed-twitter\"><div class=\"wp-block-embed__wrapper\">\n<div class=\"twitter-tweet\"><blockquote class=\"twitter-tweet\" data-lang=\"es\"><p lang=\"es\" dir=\"ltr\"><a href=\"https:\/\/twitter.com\/hashtag\/%C3%9AltimoMinuto?src=hash&amp;ref_src=twsrc%5Etfw\">#\u00daltimoMinuto<\/a><br>Los Servicios de Salud de <a href=\"https:\/\/twitter.com\/hashtag\/Oaxaca?src=hash&amp;ref_src=twsrc%5Etfw\">#Oaxaca<\/a> reportan este lunes 295 casos positivos a Covid, 4 fallecimientos y 4 mil 767 casos activos.<br>Suman 105 mil 959 casos confirmados y 5 mil 805 decesos.<br>Hay 10 hospitales saturados; ocupaci\u00f3n hospitalaria promedio de 41.5%. <a href=\"https:\/\/t.co\/e8XyHDaB01\">pic.twitter.com\/e8XyHDaB01<\/a><\/p>&mdash; Zona Roja Oaxaca (@Zona_Roja_Oax) <a href=\"https:\/\/twitter.com\/Zona_Roja_Oax\/status\/1490871513587023872?ref_src=twsrc%5Etfw\">8 de febrero de 2022<\/a><\/blockquote><\/div>\n<\/div><\/figure>\n\n\n\n<p>Los j\u00f3venes adultos de 25 a 44 a\u00f1os son el grupo de mayor incidencia de la patolog\u00eda infecciosa con 51 mil 098 contagios, sin embargo, la mayor\u00eda de las defunciones (2 mil 726 casos), se han presentado en adultos mayores de 65 a\u00f1os y m\u00e1s.<\/p>\n\n\n\n<p>Con corte de este inicio de la segunda semana de febrero, la cifra de hospitalizaciones por coronavirus se ubic\u00f3 en 177, de esta cifra ocho son nuevos ingresos, lo que ubica a la red m\u00e9dica al 41.5% de su capacidad para la atenci\u00f3n de la pandemia y el n\u00famero de hospitales a su m\u00e1xima capacidad es de 10.<\/p>\n\n\n\n<p>Cuatro Jurisdicciones Sanitarias reportaron debajo del 50% la saturaci\u00f3n de camas; Valles Centrales con 47.4%, Istmo con 32.9%, Costa con 32.7% y Tuxtepec con 31.8%, sin embargo, la Mixteca es la de mayor preocupaci\u00f3n, ya que los hospitales de la zona est\u00e1n trabajando al 67.5%; a diferencia de la Sierra que se mantiene en 0% de ocupaci\u00f3n m\u00e9dica.<\/p>\n\n\n\n<p>Ante lo cual, esta instituci\u00f3n de Salud reiter\u00f3 la urgencia de aplicar las indicaciones de sana distancia, uso correcto del cubrebocas, evitar acudir a lugares aglomerados y poco ventilados, estas medidas -dijeron- deben extremarse de manera puntual, principalmente en adultos mayores, mujeres embarazadas, pacientes con enfermedades cr\u00f3nicas y personas que no tengan su esquema completo de vacunaci\u00f3n, con el fin de lograr contener la transmisi\u00f3n de este virus y evitar m\u00e1s fallecimientos.<\/p>\n\n\n\n<p>(Comunicado de prensa)<\/p>\n","protected":false},"excerpt":{"rendered":"<p>Redacci\u00f3n\/Zona Roja. Oaxaca de Ju\u00e1rez, Oax. 7 de febrero de 2022.- Este lunes los casos&hellip;<\/p>\n","protected":false},"author":2,"featured_media":37324,"comment_status":"closed","ping_status":"open","sticky":false,"template":"","format":"standard","meta":{"_lmt_disableupdate":"","_lmt_disable":"","_jetpack_memberships_contains_paid_content":false,"footnotes":""},"categories":[109,47],"tags":[1512],"class_list":["post-37323","post","type-post","status-publish","format-standard","has-post-thumbnail","hentry","category-minuto-a-minuto","category-zona-gris","tag-coronavirus-oaxaca"],"jetpack_featured_media_url":"https:\/\/zonaroja.com.mx\/wp-content\/uploads\/2022\/02\/07-de-febrero-de-2022.-Comunicado-Tecnico-COVID-19.jpg","jetpack_sharing_enabled":true,"_links":{"self":[{"href":"https:\/\/zonaroja.com.mx\/index.php?rest_route=\/wp\/v2\/posts\/37323","targetHints":{"allow":["GET"]}}],"collection":[{"href":"https:\/\/zonaroja.com.mx\/index.php?rest_route=\/wp\/v2\/posts"}],"about":[{"href":"https:\/\/zonaroja.com.mx\/index.php?rest_route=\/wp\/v2\/types\/post"}],"author":[{"embeddable":true,"href":"https:\/\/zonaroja.com.mx\/index.php?rest_route=\/wp\/v2\/users\/2"}],"replies":[{"embeddable":true,"href":"https:\/\/zonaroja.com.mx\/index.php?rest_route=%2Fwp%2Fv2%2Fcomments&post=37323"}],"version-history":[{"count":1,"href":"https:\/\/zonaroja.com.mx\/index.php?rest_route=\/wp\/v2\/posts\/37323\/revisions"}],"predecessor-version":[{"id":37325,"href":"https:\/\/zonaroja.com.mx\/index.php?rest_route=\/wp\/v2\/posts\/37323\/revisions\/37325"}],"wp:featuredmedia":[{"embeddable":true,"href":"https:\/\/zonaroja.com.mx\/index.php?rest_route=\/wp\/v2\/media\/37324"}],"wp:attachment":[{"href":"https:\/\/zonaroja.com.mx\/index.php?rest_route=%2Fwp%2Fv2%2Fmedia&parent=37323"}],"wp:term":[{"taxonomy":"category","embeddable":true,"href":"https:\/\/zonaroja.com.mx\/index.php?rest_route=%2Fwp%2Fv2%2Fcategories&post=37323"},{"taxonomy":"post_tag","embeddable":true,"href":"https:\/\/zonaroja.com.mx\/index.php?rest_route=%2Fwp%2Fv2%2Ftags&post=37323"}],"curies":[{"name":"wp","href":"https:\/\/api.w.org\/{rel}","templated":true}]}}