{"id":37326,"date":"2022-02-07T22:24:49","date_gmt":"2022-02-08T04:24:49","guid":{"rendered":"http:\/\/www.zonaroja.com.mx\/?p=37326"},"modified":"2022-02-07T22:24:52","modified_gmt":"2022-02-08T04:24:52","slug":"asesinan-a-dos-en-valles-centrales-uno-era-autoridad-auxiliar","status":"publish","type":"post","link":"https:\/\/zonaroja.com.mx\/?p=37326","title":{"rendered":"Asesinan a dos en Valles Centrales, uno era autoridad auxiliar"},"content":{"rendered":"\n<p>Redacci\u00f3n\/Zona Roja.<\/p>\n\n\n\n<p>Oaxaca de Ju\u00e1rez, Oax., 7 de febrero de 2022.- Dos personas fueron asesinadas este domingo en la regi\u00f3n Valles Centrales de Oaxaca, mientras que hoy en un restaurante falleci\u00f3 el empresario Benjam\u00edn Hern\u00e1ndez Ruiz.<\/p>\n\n\n\n<p>Anoche en la comunidad de Santa Cruz Lachixolana, perteneciente al municipio de Santiago Suchilquitongo, fue ultimada una persona del sexo masculino, identificada como Diego Serret Valiente.<\/p>\n\n\n\n<p>Hasta el momento se desconoce las causas en que se perpetr\u00f3 el homicidio y sus familiares demandaron, a trav\u00e9s de las redes sociales, se haga justicia en este caso.<\/p>\n\n\n\n<p>\u201cCon todo el dolor de nuestro coraz\u00f3n pedimos justicia para nuestro amigo Diego (Carnalacho), que su muerte no quede impune y que caiga todo el peso de la ley sobre su asesinato. Hoy queremos recordarte como siempre, feliz, alegre, fiestero y con esa sencillez que te caracterizaba\u201d, difundieron.<\/p>\n\n\n\n<p>Mientras que tambi\u00e9n ayer, pero en la comunidad de La Concepci\u00f3n, del municipio de San Pedro Ixtlahuaca, fue atacado el agente municipal Leopoldo Castro presuntamente por un grupo de transportistas adheridos a la Confederaci\u00f3n Aut\u00f3noma de Trabajadores de M\u00e9xico (CATEM).<\/p>\n\n\n\n<p>Los hechos ocurrieron alrededor de las 20:00 horas en varios mototaxistas del sitio \u201cLa Soledad\u201d arribaron a la sede de la agencia municipal y agredieron a las autoridades, al querer liberar a un transportista detenido.<\/p>\n\n\n\n<p>Leopoldo Castro fue herido de gravedad y muri\u00f3 la madrugada de este lunes cuando recib\u00eda atenci\u00f3n m\u00e9dica.<\/p>\n\n\n\n<p>Por otra parte, la tarde de este lunes, v\u00edctima de una broncoaspiraci\u00f3n, muri\u00f3 el empresario Benjam\u00edn Hern\u00e1ndez Ruiz, fundador de la compa\u00f1\u00eda de pl\u00e1sticos Cimaplas.<\/p>\n\n\n\n<p>Degustaba sus alimentos en el restaurante \u201cCasa Palmera\u201d, en la calle Palmeras y Netzahualc\u00f3yotl de la colonia Reforma, cuando ocurri\u00f3 el percance; aunque le brindaron los primeros auxilios, no pudieron salvarle la vida.<\/p>\n","protected":false},"excerpt":{"rendered":"<p>Redacci\u00f3n\/Zona Roja. Oaxaca de Ju\u00e1rez, Oax., 7 de febrero de 2022.- Dos personas fueron asesinadas&hellip;<\/p>\n","protected":false},"author":2,"featured_media":15591,"comment_status":"closed","ping_status":"open","sticky":false,"template":"","format":"standard","meta":{"_lmt_disableupdate":"","_lmt_disable":"","_jetpack_memberships_contains_paid_content":false,"footnotes":""},"categories":[109,51],"tags":[2140],"class_list":["post-37326","post","type-post","status-publish","format-standard","has-post-thumbnail","hentry","category-minuto-a-minuto","category-zona-roja","tag-san-pedro-ixtlahuaca"],"jetpack_featured_media_url":"https:\/\/zonaroja.com.mx\/wp-content\/uploads\/2020\/07\/Escena-del-crimen-8.jpg","jetpack_sharing_enabled":true,"_links":{"self":[{"href":"https:\/\/zonaroja.com.mx\/index.php?rest_route=\/wp\/v2\/posts\/37326","targetHints":{"allow":["GET"]}}],"collection":[{"href":"https:\/\/zonaroja.com.mx\/index.php?rest_route=\/wp\/v2\/posts"}],"about":[{"href":"https:\/\/zonaroja.com.mx\/index.php?rest_route=\/wp\/v2\/types\/post"}],"author":[{"embeddable":true,"href":"https:\/\/zonaroja.com.mx\/index.php?rest_route=\/wp\/v2\/users\/2"}],"replies":[{"embeddable":true,"href":"https:\/\/zonaroja.com.mx\/index.php?rest_route=%2Fwp%2Fv2%2Fcomments&post=37326"}],"version-history":[{"count":1,"href":"https:\/\/zonaroja.com.mx\/index.php?rest_route=\/wp\/v2\/posts\/37326\/revisions"}],"predecessor-version":[{"id":37327,"href":"https:\/\/zonaroja.com.mx\/index.php?rest_route=\/wp\/v2\/posts\/37326\/revisions\/37327"}],"wp:featuredmedia":[{"embeddable":true,"href":"https:\/\/zonaroja.com.mx\/index.php?rest_route=\/wp\/v2\/media\/15591"}],"wp:attachment":[{"href":"https:\/\/zonaroja.com.mx\/index.php?rest_route=%2Fwp%2Fv2%2Fmedia&parent=37326"}],"wp:term":[{"taxonomy":"category","embeddable":true,"href":"https:\/\/zonaroja.com.mx\/index.php?rest_route=%2Fwp%2Fv2%2Fcategories&post=37326"},{"taxonomy":"post_tag","embeddable":true,"href":"https:\/\/zonaroja.com.mx\/index.php?rest_route=%2Fwp%2Fv2%2Ftags&post=37326"}],"curies":[{"name":"wp","href":"https:\/\/api.w.org\/{rel}","templated":true}]}}