{"id":37339,"date":"2022-02-08T07:52:27","date_gmt":"2022-02-08T13:52:27","guid":{"rendered":"http:\/\/www.zonaroja.com.mx\/?p=37339"},"modified":"2022-02-08T07:52:29","modified_gmt":"2022-02-08T13:52:29","slug":"cumplen-un-mes-lejos-de-casa-desplazados-por-intolerancia-religiosa-y-segego-omisa","status":"publish","type":"post","link":"https:\/\/zonaroja.com.mx\/?p=37339","title":{"rendered":"Cumplen un mes lejos de casa desplazados por intolerancia religiosa y Segego omisa"},"content":{"rendered":"\n<p>Yuridiana Sosa\/Zona Roja.<\/p>\n\n\n\n<p>Oaxaca de Ju\u00e1rez, Oax., 8 de febrero de 2022.- Sin ning\u00fan avance que representa el regreso a su comunidad, siete familias mixes de San Pedro Chimaltepec, han vivido por un mes el desplazamiento obligado por intolerancia religiosa.<\/p>\n\n\n\n<p>Son 30 integrantes de estas familias, entre ellos unos siete menores de edad, que desde el pasado 7 de enero fueron expulsados de su localidad perteneciente al municipio de San Juan Mazatl\u00e1n Mixe.<\/p>\n\n\n\n<p>Lo anterior, luego de varios d\u00edas de padecer hostigamiento y el encarcelamiento por parte del agente municipal, S\u00f3simo Victorino M\u00e1rquez, pues las personas de la iglesia evang\u00e9lica no pagaron la mayodorm\u00eda de la Virgen de la Soledad.<\/p>\n\n\n\n<p>Desde ese entonces, la Secretar\u00eda General de Gobierno (Segego) ha mostrado total indiferencia al caso, con una actitud silenciosa que no abona a llegar a una conciliaci\u00f3n con las autoridades locales para garantizar el regreso de estas familias, se\u00f1al\u00f3 el abogado de la Confraternidad de Pastores Evang\u00e9licos de Oaxaca, Porfirio Flores Z\u00fa\u00f1iga.<\/p>\n\n\n\n<p>El representante legal de los afectados lament\u00f3 que el gobierno estatal mantenga esta postura a pesar de las diversas violaciones de derechos humanos y abusos de autoridad, de esta \u00faltima falta, la Fiscal\u00eda General de Oaxaca tambi\u00e9n tiene conocimiento por medio de una denuncia formal, pero tampoco hay avances.<\/p>\n\n\n\n<p>Las familias, que salieron s\u00f3lo con lo que portaban, fueron recibidos por el pastor Cipriano Gazga Maldonado en la comunidad de la Nueva Esperanza del municipio de Guevea de Humboldt, quienes han sorteado los d\u00edas con el apoyo de su comunidad religiosa y buscando labores alternas para generar ingresos.<\/p>\n\n\n\n<p>Sin embargo, las familias temen ser despojadas de sus viviendas y tierras de cultivo al encontrarse solas y como parte de las represalias de las autoridades locales.<\/p>\n\n\n\n<p>Los instrumentos musicales de su templo fueron robados y el lugar se encuentra cerrado.<\/p>\n\n\n\n<p>El abogado apunt\u00f3 que las personas expulsadas no se han negado a colaborar y participar con tequios y cooperaciones a favor de la comunidad, pero lo que ahora se pidi\u00f3 est\u00e1 fuera de sus creencias religiosas, lo cu\u00e1l debe ser respetado.<\/p>\n\n\n\n<p>De no encontrar atenci\u00f3n de las autoridades estatales los afectados recurrir\u00e1n a instancias federales en busca de soluci\u00f3n y regreso seguro a su comunidad, agreg\u00f3 el representante legal.<\/p>\n","protected":false},"excerpt":{"rendered":"<p>Yuridiana Sosa\/Zona Roja. Oaxaca de Ju\u00e1rez, Oax., 8 de febrero de 2022.- Sin ning\u00fan avance&hellip;<\/p>\n","protected":false},"author":2,"featured_media":37340,"comment_status":"closed","ping_status":"open","sticky":false,"template":"","format":"standard","meta":{"_lmt_disableupdate":"","_lmt_disable":"","_jetpack_memberships_contains_paid_content":false,"footnotes":""},"categories":[109,47],"tags":[2995],"class_list":["post-37339","post","type-post","status-publish","format-standard","has-post-thumbnail","hentry","category-minuto-a-minuto","category-zona-gris","tag-san-pedro-chimaltepec"],"jetpack_featured_media_url":"https:\/\/zonaroja.com.mx\/wp-content\/uploads\/2022\/02\/Intolerancia-religiosa-Chimaltepec-Mixe-Mazatlan.jpg","jetpack_sharing_enabled":true,"_links":{"self":[{"href":"https:\/\/zonaroja.com.mx\/index.php?rest_route=\/wp\/v2\/posts\/37339","targetHints":{"allow":["GET"]}}],"collection":[{"href":"https:\/\/zonaroja.com.mx\/index.php?rest_route=\/wp\/v2\/posts"}],"about":[{"href":"https:\/\/zonaroja.com.mx\/index.php?rest_route=\/wp\/v2\/types\/post"}],"author":[{"embeddable":true,"href":"https:\/\/zonaroja.com.mx\/index.php?rest_route=\/wp\/v2\/users\/2"}],"replies":[{"embeddable":true,"href":"https:\/\/zonaroja.com.mx\/index.php?rest_route=%2Fwp%2Fv2%2Fcomments&post=37339"}],"version-history":[{"count":1,"href":"https:\/\/zonaroja.com.mx\/index.php?rest_route=\/wp\/v2\/posts\/37339\/revisions"}],"predecessor-version":[{"id":37341,"href":"https:\/\/zonaroja.com.mx\/index.php?rest_route=\/wp\/v2\/posts\/37339\/revisions\/37341"}],"wp:featuredmedia":[{"embeddable":true,"href":"https:\/\/zonaroja.com.mx\/index.php?rest_route=\/wp\/v2\/media\/37340"}],"wp:attachment":[{"href":"https:\/\/zonaroja.com.mx\/index.php?rest_route=%2Fwp%2Fv2%2Fmedia&parent=37339"}],"wp:term":[{"taxonomy":"category","embeddable":true,"href":"https:\/\/zonaroja.com.mx\/index.php?rest_route=%2Fwp%2Fv2%2Fcategories&post=37339"},{"taxonomy":"post_tag","embeddable":true,"href":"https:\/\/zonaroja.com.mx\/index.php?rest_route=%2Fwp%2Fv2%2Ftags&post=37339"}],"curies":[{"name":"wp","href":"https:\/\/api.w.org\/{rel}","templated":true}]}}