{"id":37345,"date":"2022-02-08T08:28:44","date_gmt":"2022-02-08T14:28:44","guid":{"rendered":"http:\/\/www.zonaroja.com.mx\/?p=37345"},"modified":"2022-02-08T08:28:47","modified_gmt":"2022-02-08T14:28:47","slug":"disputa-de-bandas-del-narcomenudeo-crimenes-en-juchitan-fiscal","status":"publish","type":"post","link":"https:\/\/zonaroja.com.mx\/?p=37345","title":{"rendered":"Disputa de bandas del narcomenudeo, cr\u00edmenes en Juchit\u00e1n: fiscal"},"content":{"rendered":"\n<p>Ismael Garc\u00eda M.\/Zona Roja.<\/p>\n\n\n\n<p>Oaxaca de Ju\u00e1rez, Oax., 8 de febrero de 2022.- Para la Fiscal\u00eda General del Estado de Oaxaca, las recientes masacres en Juchit\u00e1n de Zaragoza son resultado de la divisi\u00f3n, venganzas y disputa de territorio de bandas del narcomenudeo.<\/p>\n\n\n\n<p>\u201cTenemos l\u00edneas de investigaci\u00f3n generales y particulares. Dentro de las generales, tiene que ver con el hecho de que se ha desintegrado por diferentes acciones una c\u00e9lula criminal que operaba en Juchit\u00e1n, la cual se dedicaba a la venta de drogas sint\u00e9ticas.<\/p>\n\n\n\n<p>\u201cEsa c\u00e9lula se dividi\u00f3 en tres bandas que ahora se disputan el control de la plaza; en todos los casos est\u00e1n relacionadas las bandas\u2026 han sucedido tres eventos donde todas las v\u00edctimas son inocentes, que ser\u00edan familiares de personas vinculadas con actividades delictivas, pero totalmente inocentes.<\/p>\n\n\n\n<p>\u201cSe tratar\u00eda de una venganza entre bandas, esa es la l\u00ednea de investigaci\u00f3n que tenemos; evidentemente que se ha roto cualquier tipo de c\u00f3digos, los grupos criminales est\u00e1n rompiendo c\u00f3digos de comportamiento\u201d, dijo el fiscal Arturo Peimbert Calvo.<\/p>\n\n\n\n<p>En entrevista telef\u00f3nica con el periodista Humberto Cruz, de Radio ORO, expuso que este martes, diversas dependencias estatales sostendr\u00e1n en el Istmo una reuni\u00f3n urgente de alto impacto, donde analizar\u00e1n directrices que permitan frenar la ola delictiva.<\/p>\n\n\n\n<p>Precis\u00f3 que en el caso de las mujeres victimadas, ocho en los tres \u00faltimos eventos, de las cuales una es menor de edad, se investigar\u00e1n con perspectiva de g\u00e9nero y protocolos de feminicidio, como lo marca la ley.<\/p>\n\n\n\n<p>\u201cPor vocaci\u00f3n y por obligaci\u00f3n, tenemos que hacerlo; por vocaci\u00f3n porque creemos que tenemos que iniciar las investigaciones con perspectiva de g\u00e9nero y porque as\u00ed lo manda la ley\u201d, sostuvo.<\/p>\n\n\n\n<p>Los d\u00edas 2, 3 y 6 de febrero se registraron tres masacres de familias en diversos domicilios de Juchit\u00e1n, con saldo de 10 personas asesinadas, de las cuales ocho son mujeres.<\/p>\n","protected":false},"excerpt":{"rendered":"<p>Ismael Garc\u00eda M.\/Zona Roja. Oaxaca de Ju\u00e1rez, Oax., 8 de febrero de 2022.- Para la&hellip;<\/p>\n","protected":false},"author":2,"featured_media":31004,"comment_status":"closed","ping_status":"open","sticky":false,"template":"","format":"standard","meta":{"_lmt_disableupdate":"","_lmt_disable":"","_jetpack_memberships_contains_paid_content":false,"footnotes":""},"categories":[109,47],"tags":[2532],"class_list":["post-37345","post","type-post","status-publish","format-standard","has-post-thumbnail","hentry","category-minuto-a-minuto","category-zona-gris","tag-arturo-peimbert-calvo"],"jetpack_featured_media_url":"https:\/\/zonaroja.com.mx\/wp-content\/uploads\/2021\/08\/Arturo-Peimbert-Calvo.jpg","jetpack_sharing_enabled":true,"_links":{"self":[{"href":"https:\/\/zonaroja.com.mx\/index.php?rest_route=\/wp\/v2\/posts\/37345","targetHints":{"allow":["GET"]}}],"collection":[{"href":"https:\/\/zonaroja.com.mx\/index.php?rest_route=\/wp\/v2\/posts"}],"about":[{"href":"https:\/\/zonaroja.com.mx\/index.php?rest_route=\/wp\/v2\/types\/post"}],"author":[{"embeddable":true,"href":"https:\/\/zonaroja.com.mx\/index.php?rest_route=\/wp\/v2\/users\/2"}],"replies":[{"embeddable":true,"href":"https:\/\/zonaroja.com.mx\/index.php?rest_route=%2Fwp%2Fv2%2Fcomments&post=37345"}],"version-history":[{"count":1,"href":"https:\/\/zonaroja.com.mx\/index.php?rest_route=\/wp\/v2\/posts\/37345\/revisions"}],"predecessor-version":[{"id":37346,"href":"https:\/\/zonaroja.com.mx\/index.php?rest_route=\/wp\/v2\/posts\/37345\/revisions\/37346"}],"wp:featuredmedia":[{"embeddable":true,"href":"https:\/\/zonaroja.com.mx\/index.php?rest_route=\/wp\/v2\/media\/31004"}],"wp:attachment":[{"href":"https:\/\/zonaroja.com.mx\/index.php?rest_route=%2Fwp%2Fv2%2Fmedia&parent=37345"}],"wp:term":[{"taxonomy":"category","embeddable":true,"href":"https:\/\/zonaroja.com.mx\/index.php?rest_route=%2Fwp%2Fv2%2Fcategories&post=37345"},{"taxonomy":"post_tag","embeddable":true,"href":"https:\/\/zonaroja.com.mx\/index.php?rest_route=%2Fwp%2Fv2%2Ftags&post=37345"}],"curies":[{"name":"wp","href":"https:\/\/api.w.org\/{rel}","templated":true}]}}