{"id":37347,"date":"2022-02-08T15:06:36","date_gmt":"2022-02-08T21:06:36","guid":{"rendered":"http:\/\/www.zonaroja.com.mx\/?p=37347"},"modified":"2022-02-08T15:06:39","modified_gmt":"2022-02-08T21:06:39","slug":"juchitan-de-las-balas-juchitan-de-los-feminicidios-el-rap-a-la-violencia","status":"publish","type":"post","link":"https:\/\/zonaroja.com.mx\/?p=37347","title":{"rendered":"\u201cJuchit\u00e1n de las balas, Juchit\u00e1n de los feminicidios\u201d, el rap a la violencia"},"content":{"rendered":"\n<p>Yuridiana Sosa\/Zona Roja<\/p>\n\n\n\n<p>Oaxaca de Ju\u00e1rez, Oax., 8 de febrero de 2022.- El coraje sobre la inseguridad que se vive en Juchit\u00e1n tambi\u00e9n se canta, se siente y transmite.&nbsp;<\/p>\n\n\n\n<p>Son cerca de un centenar de asesinatos contra hombres, mujeres y menores de edad que han ocurrido de enero de 2020 a lo que va del 2022.<\/p>\n\n\n\n<p>\u201cSe\u00f1oras y se\u00f1ores bienvenido a mi ciudad, ciudad de las flores que se lleg\u00f3 a marchitar, ya van en la semana tres masacres y el presidente nos presume de la seguridad\u201d, canta en sus primeras l\u00edneas Cosijopii Ruiz L\u00f3pez, cantante y compositor de la agrupaci\u00f3n \u201cJuchirap\u201d, quien ante la serie de hechos violento alz\u00f3 la voz como lo sabe hacer.<\/p>\n\n\n\n<p>Sobre la seguridad, \u201cYo no s\u00e9 qu\u00e9 es eso, nunca la he visto, solo he visto a j\u00f3venes rez\u00e1ndole a Cristo\u201d mencion\u00f3 en sus rimas Cosijopii, lo cual comparti\u00f3 con sus seguidores por medio de sus redes sociales.<\/p>\n\n\n\n<p>El originario de Juchit\u00e1n de Zaragoza transmiti\u00f3 la indignaci\u00f3n de su pueblo sobre las masacres, describe las ocurridas en la Novena y S\u00e9ptima Secci\u00f3n, as\u00ed como la m\u00e1s reciente contra una familia en la colonia Gustavo, donde una ni\u00f1a de cuatro a\u00f1os muri\u00f3.<\/p>\n\n\n\n<figure class=\"wp-block-embed is-type-rich is-provider-twitter wp-block-embed-twitter\"><div class=\"wp-block-embed__wrapper\">\n<div class=\"twitter-tweet\"><blockquote class=\"twitter-tweet\" data-lang=\"es\"><p lang=\"es\" dir=\"ltr\"><a href=\"https:\/\/twitter.com\/hashtag\/OaxacaRojo?src=hash&amp;ref_src=twsrc%5Etfw\">#OaxacaRojo<\/a><br>\u201cJuchit\u00e1n de las balas. <a href=\"https:\/\/twitter.com\/hashtag\/Juchit%C3%A1n?src=hash&amp;ref_src=twsrc%5Etfw\">#Juchit\u00e1n<\/a> de los feminicidios\u201d. <br>A ritmo de rap reclaman a las autoridades la grave violencia que vive ese municipio de la regi\u00f3n del Istmo de <a href=\"https:\/\/twitter.com\/hashtag\/Oaxaca?src=hash&amp;ref_src=twsrc%5Etfw\">#Oaxaca<\/a>. <br>El edil morenista Emilio Montero P\u00e9rez sigue sin enfrentar situaci\u00f3n. <a href=\"https:\/\/t.co\/bI3950wq2t\">pic.twitter.com\/bI3950wq2t<\/a><\/p>&mdash; Zona Roja Oaxaca (@Zona_Roja_Oax) <a href=\"https:\/\/twitter.com\/Zona_Roja_Oax\/status\/1491042548978450436?ref_src=twsrc%5Etfw\">8 de febrero de 2022<\/a><\/blockquote><\/div>\n<\/div><\/figure>\n\n\n\n<p>\u201cPero el gobierno preocupado por bajar recursos, el gobierno preocupado por la Guelaguetza, no nos toman en cuenta, a ellos no les interesa \u00bfSer\u00e1 que saben algo, hay algo bajo la mesa?\u201d, cuestion\u00f3 el cantante.<\/p>\n\n\n\n<p>MANIFESTACI\u00d3N CON RITMO<\/p>\n\n\n\n<p>Cosijopii Ruiz L\u00f3pez es un m\u00fasico independiente, que junto a dos j\u00f3venes m\u00e1s, integran el grupo \u201cJuchirap\u201d, creado desde el 2013, por medio del cual tambi\u00e9n ense\u00f1an y refuerzan el idioma zapoteco.<\/p>\n\n\n\n<p>El joven, menor de 30 a\u00f1os al igual que sus compa\u00f1eros, se ha convertido junto a su grupo en un referente entre los de su edad en su municipio y la regi\u00f3n, de la que se sienten orgullosos, incluso han participado en talleres en lengua originarias.<\/p>\n\n\n\n<p>Su m\u00fasica, tanto en zapoteco como en espa\u00f1ol, tambi\u00e9n es una forma de manifestaci\u00f3n, desde cultural hasta de protesta social.<\/p>\n\n\n\n<p>Durante su trayectoria, han tenido m\u00faltiples participaciones importantes, como&nbsp; concierto en el Palacio Nacional de Bellas Artes, presentaci\u00f3n en el Centro de Artes San Agust\u00edn, en el Festival iInternacional de Jazz en Mazunte, as\u00ed como actividades en el estado de Puebla e Hidalgo.<\/p>\n","protected":false},"excerpt":{"rendered":"<p>Yuridiana Sosa\/Zona Roja Oaxaca de Ju\u00e1rez, Oax., 8 de febrero de 2022.- El coraje sobre&hellip;<\/p>\n","protected":false},"author":2,"featured_media":37351,"comment_status":"closed","ping_status":"open","sticky":false,"template":"","format":"standard","meta":{"_lmt_disableupdate":"","_lmt_disable":"","_jetpack_memberships_contains_paid_content":false,"footnotes":""},"categories":[109,47],"tags":[3026],"class_list":["post-37347","post","type-post","status-publish","format-standard","has-post-thumbnail","hentry","category-minuto-a-minuto","category-zona-gris","tag-juchirap-cosijopii-ruiz-lopez"],"jetpack_featured_media_url":"https:\/\/zonaroja.com.mx\/wp-content\/uploads\/2022\/02\/Rap-violencia-Juchitan-1.jpg","jetpack_sharing_enabled":true,"_links":{"self":[{"href":"https:\/\/zonaroja.com.mx\/index.php?rest_route=\/wp\/v2\/posts\/37347","targetHints":{"allow":["GET"]}}],"collection":[{"href":"https:\/\/zonaroja.com.mx\/index.php?rest_route=\/wp\/v2\/posts"}],"about":[{"href":"https:\/\/zonaroja.com.mx\/index.php?rest_route=\/wp\/v2\/types\/post"}],"author":[{"embeddable":true,"href":"https:\/\/zonaroja.com.mx\/index.php?rest_route=\/wp\/v2\/users\/2"}],"replies":[{"embeddable":true,"href":"https:\/\/zonaroja.com.mx\/index.php?rest_route=%2Fwp%2Fv2%2Fcomments&post=37347"}],"version-history":[{"count":1,"href":"https:\/\/zonaroja.com.mx\/index.php?rest_route=\/wp\/v2\/posts\/37347\/revisions"}],"predecessor-version":[{"id":37352,"href":"https:\/\/zonaroja.com.mx\/index.php?rest_route=\/wp\/v2\/posts\/37347\/revisions\/37352"}],"wp:featuredmedia":[{"embeddable":true,"href":"https:\/\/zonaroja.com.mx\/index.php?rest_route=\/wp\/v2\/media\/37351"}],"wp:attachment":[{"href":"https:\/\/zonaroja.com.mx\/index.php?rest_route=%2Fwp%2Fv2%2Fmedia&parent=37347"}],"wp:term":[{"taxonomy":"category","embeddable":true,"href":"https:\/\/zonaroja.com.mx\/index.php?rest_route=%2Fwp%2Fv2%2Fcategories&post=37347"},{"taxonomy":"post_tag","embeddable":true,"href":"https:\/\/zonaroja.com.mx\/index.php?rest_route=%2Fwp%2Fv2%2Ftags&post=37347"}],"curies":[{"name":"wp","href":"https:\/\/api.w.org\/{rel}","templated":true}]}}