{"id":37349,"date":"2022-02-08T13:17:31","date_gmt":"2022-02-08T19:17:31","guid":{"rendered":"https:\/\/www.zonaroja.com.mx\/?p=37349"},"modified":"2022-02-08T13:18:40","modified_gmt":"2022-02-08T19:18:40","slug":"busca-legislativo-que-reconozcan-la-violencia-vicaria-en-la-constitucion-de-oaxaca","status":"publish","type":"post","link":"https:\/\/zonaroja.com.mx\/?p=37349","title":{"rendered":"Busca Legislativo que reconozcan la violencia vicaria en la Constituci\u00f3n de Oaxaca"},"content":{"rendered":"\n<p>Redacci\u00f3n\/Zona Roja.&nbsp;<\/p>\n\n\n\n<p>Oaxaca de Ju\u00e1rez, Oax. 8 de febrero de 2022.- Para garantizar una vida libre de violencia para las mujeres en Oaxaca, el Congreso local busca que se reconozca la violencia vicaria en la Ley Estatal de Acceso de las Mujeres a una Vida Libre de Violencia de G\u00e9nero; adem\u00e1s sea sancionada cuando ocurra en el C\u00f3digo Penal para el Estado Libre y Soberano de Oaxaca.<\/p>\n\n\n\n<p>Diputadas y diputados explicaron que este tipo de violencia debe reconocerse como tal, para evitar que, a trav\u00e9s de maltrato, descuido y manipulaci\u00f3n de hijas e hijos, menores de edad, que se encuentren bajo patria potestad, tutela, guarda o custodia, puedan causarle da\u00f1o a la mujer.<\/p>\n\n\n\n<p>De igual forma se propuso reformar las leyes de los Derechos de Ni\u00f1as, Ni\u00f1os y Adolescentes del Estado de Oaxaca y la Ley de Asistencia y Prevenci\u00f3n de la Violencia Familiar. Las y los legisladores buscan con esta iniciativa romper los modelos de las masculinidades y feminidades que apoyan la prevalencia de la desigualdad de g\u00e9nero, y tambi\u00e9n las que vulneran a las infancias y adolescentes.<\/p>\n\n\n\n<p>Esta iniciativa fue turnada para su estudio y dictamen a las Comisiones Permanentes Unidas de Grupos en Situaci\u00f3n de Vulnerabilidad, de Igualdad de G\u00e9nero y la de Administraci\u00f3n y Procuraci\u00f3n de Justicia.<\/p>\n\n\n\n<p>Por \u00faltimo, esta propuesta fue realizada por el congresista Sesul Bola\u00f1os L\u00f3pez.<\/p>\n","protected":false},"excerpt":{"rendered":"<p>Redacci\u00f3n\/Zona Roja.&nbsp; Oaxaca de Ju\u00e1rez, Oax. 8 de febrero de 2022.- Para garantizar una vida&hellip;<\/p>\n","protected":false},"author":2,"featured_media":37348,"comment_status":"closed","ping_status":"open","sticky":false,"template":"","format":"standard","meta":{"_lmt_disableupdate":"","_lmt_disable":"","_jetpack_memberships_contains_paid_content":false,"footnotes":""},"categories":[109,46],"tags":[],"class_list":["post-37349","post","type-post","status-publish","format-standard","has-post-thumbnail","hentry","category-minuto-a-minuto","category-zona-blanca"],"jetpack_featured_media_url":"https:\/\/zonaroja.com.mx\/wp-content\/uploads\/2022\/02\/d075c242-8efb-473e-9bf5-b79d67b1f2b5.jpg","jetpack_sharing_enabled":true,"_links":{"self":[{"href":"https:\/\/zonaroja.com.mx\/index.php?rest_route=\/wp\/v2\/posts\/37349","targetHints":{"allow":["GET"]}}],"collection":[{"href":"https:\/\/zonaroja.com.mx\/index.php?rest_route=\/wp\/v2\/posts"}],"about":[{"href":"https:\/\/zonaroja.com.mx\/index.php?rest_route=\/wp\/v2\/types\/post"}],"author":[{"embeddable":true,"href":"https:\/\/zonaroja.com.mx\/index.php?rest_route=\/wp\/v2\/users\/2"}],"replies":[{"embeddable":true,"href":"https:\/\/zonaroja.com.mx\/index.php?rest_route=%2Fwp%2Fv2%2Fcomments&post=37349"}],"version-history":[{"count":1,"href":"https:\/\/zonaroja.com.mx\/index.php?rest_route=\/wp\/v2\/posts\/37349\/revisions"}],"predecessor-version":[{"id":37350,"href":"https:\/\/zonaroja.com.mx\/index.php?rest_route=\/wp\/v2\/posts\/37349\/revisions\/37350"}],"wp:featuredmedia":[{"embeddable":true,"href":"https:\/\/zonaroja.com.mx\/index.php?rest_route=\/wp\/v2\/media\/37348"}],"wp:attachment":[{"href":"https:\/\/zonaroja.com.mx\/index.php?rest_route=%2Fwp%2Fv2%2Fmedia&parent=37349"}],"wp:term":[{"taxonomy":"category","embeddable":true,"href":"https:\/\/zonaroja.com.mx\/index.php?rest_route=%2Fwp%2Fv2%2Fcategories&post=37349"},{"taxonomy":"post_tag","embeddable":true,"href":"https:\/\/zonaroja.com.mx\/index.php?rest_route=%2Fwp%2Fv2%2Ftags&post=37349"}],"curies":[{"name":"wp","href":"https:\/\/api.w.org\/{rel}","templated":true}]}}