{"id":37356,"date":"2022-02-08T15:50:29","date_gmt":"2022-02-08T21:50:29","guid":{"rendered":"http:\/\/www.zonaroja.com.mx\/?p=37356"},"modified":"2022-02-08T15:50:33","modified_gmt":"2022-02-08T21:50:33","slug":"refuerzan-seguridad-en-el-istmo-tras-las-masacres-en-juchitan","status":"publish","type":"post","link":"https:\/\/zonaroja.com.mx\/?p=37356","title":{"rendered":"Refuerzan seguridad en el Istmo, tras las masacres en Juchit\u00e1n"},"content":{"rendered":"\n<p>Redacci\u00f3n\/Zona Roja.<\/p>\n\n\n\n<p>Oaxaca de Ju\u00e1rez, Oax., 8 de febrero de 2022.- Autoridades federales y estatales sostuvieron hoy una reuni\u00f3n de trabajo en instalaciones militares ubicadas en Ciudad Ixtepec, con el prop\u00f3sito de reforzar la seguridad en la regi\u00f3n del Istmo, luego de tres familias masacradas.<\/p>\n\n\n\n<p>Ello con el objetivo de garantizar la tranquilidad de la poblaci\u00f3n istme\u00f1a, inform\u00f3 la Secretar\u00eda de Seguridad P\u00fablica de Oaxaca (SSPO), que coordina los operativos disuasivos.<\/p>\n\n\n\n<p>A su vez, la Fiscal\u00eda General del Estado de Oaxaca (FGEO) detall\u00f3 que cuenta ya con l\u00edneas de investigaci\u00f3n concretas para esclarecer los hechos suscitados en la regi\u00f3n del Istmo en los \u00faltimos d\u00edas.<\/p>\n\n\n\n<p>La reuni\u00f3n de la Mesa de Seguridad fue encabezada por el gobernador Alejandro Murat, a fin de coordinar acciones con la Secretar\u00eda de Marina, la Secretar\u00eda de la Defensa Nacional, la Guardia Nacional y la Fiscal\u00eda General del Estado, en favor de las familias de la zona.<\/p>\n\n\n\n<p>En la reuni\u00f3n participaron la encargada del despacho de la SSPO, Dalia Ba\u00f1os Noyola; el fiscal General, Arturo Peimbert Calvo, as\u00ed como el General Brigadier Diplomado de Estado Mayor, Benedicto Santa Mar\u00eda Gonz\u00e1lez, el Coordinador Estatal de la Guardia Nacional, el General de Divisi\u00f3n del Estado Mayor, Francisco Jes\u00fas Leana Ojeda comandante de la Octava Regi\u00f3n Militar y el General de Brigada D.E.M Antonio Ram\u00edrez Escobedo comandante de la 46 zona militar con sede en Ciudad Ixtepec.<\/p>\n","protected":false},"excerpt":{"rendered":"<p>Redacci\u00f3n\/Zona Roja. Oaxaca de Ju\u00e1rez, Oax., 8 de febrero de 2022.- Autoridades federales y estatales&hellip;<\/p>\n","protected":false},"author":2,"featured_media":37357,"comment_status":"closed","ping_status":"open","sticky":false,"template":"","format":"standard","meta":{"_lmt_disableupdate":"","_lmt_disable":"","_jetpack_memberships_contains_paid_content":false,"footnotes":""},"categories":[109,47],"tags":[173],"class_list":["post-37356","post","type-post","status-publish","format-standard","has-post-thumbnail","hentry","category-minuto-a-minuto","category-zona-gris","tag-alejandro-murat-hinojosa"],"jetpack_featured_media_url":"https:\/\/zonaroja.com.mx\/wp-content\/uploads\/2022\/02\/Operativo-seguridad-Istmo-gobernador.jpg","jetpack_sharing_enabled":true,"_links":{"self":[{"href":"https:\/\/zonaroja.com.mx\/index.php?rest_route=\/wp\/v2\/posts\/37356","targetHints":{"allow":["GET"]}}],"collection":[{"href":"https:\/\/zonaroja.com.mx\/index.php?rest_route=\/wp\/v2\/posts"}],"about":[{"href":"https:\/\/zonaroja.com.mx\/index.php?rest_route=\/wp\/v2\/types\/post"}],"author":[{"embeddable":true,"href":"https:\/\/zonaroja.com.mx\/index.php?rest_route=\/wp\/v2\/users\/2"}],"replies":[{"embeddable":true,"href":"https:\/\/zonaroja.com.mx\/index.php?rest_route=%2Fwp%2Fv2%2Fcomments&post=37356"}],"version-history":[{"count":1,"href":"https:\/\/zonaroja.com.mx\/index.php?rest_route=\/wp\/v2\/posts\/37356\/revisions"}],"predecessor-version":[{"id":37358,"href":"https:\/\/zonaroja.com.mx\/index.php?rest_route=\/wp\/v2\/posts\/37356\/revisions\/37358"}],"wp:featuredmedia":[{"embeddable":true,"href":"https:\/\/zonaroja.com.mx\/index.php?rest_route=\/wp\/v2\/media\/37357"}],"wp:attachment":[{"href":"https:\/\/zonaroja.com.mx\/index.php?rest_route=%2Fwp%2Fv2%2Fmedia&parent=37356"}],"wp:term":[{"taxonomy":"category","embeddable":true,"href":"https:\/\/zonaroja.com.mx\/index.php?rest_route=%2Fwp%2Fv2%2Fcategories&post=37356"},{"taxonomy":"post_tag","embeddable":true,"href":"https:\/\/zonaroja.com.mx\/index.php?rest_route=%2Fwp%2Fv2%2Ftags&post=37356"}],"curies":[{"name":"wp","href":"https:\/\/api.w.org\/{rel}","templated":true}]}}