{"id":37362,"date":"2022-02-09T11:17:00","date_gmt":"2022-02-09T17:17:00","guid":{"rendered":"http:\/\/www.zonaroja.com.mx\/?p=37362"},"modified":"2022-02-08T19:30:51","modified_gmt":"2022-02-09T01:30:51","slug":"en-dos-anos-de-emilio-montero-juchitan-sumo-81-homicidios","status":"publish","type":"post","link":"https:\/\/zonaroja.com.mx\/?p=37362","title":{"rendered":"En dos a\u00f1os de Emilio Montero, Juchit\u00e1n sum\u00f3 81 homicidios"},"content":{"rendered":"\n<p>Yuridiana Sosa\/Zona Roja.<\/p>\n\n\n\n<p>Oaxaca de Ju\u00e1rez, Oax., 9 de febrero de 2022.- De acuerdo con el Secretario Ejecutivo del Sistema Nacional de Seguridad P\u00fablica (SESNSP), en Juchit\u00e1n de Zaragoza, Oaxaca, se cometieron 81 homicidios dolosos y cinco feminicidios en el transcurso del a\u00f1o 2020 y  del 2021, con Emilio Montero P\u00e9rez al mando del ayuntamiento.<\/p>\n\n\n\n<p>El informe sobre la incidencia en este municipio de la regi\u00f3n del Istmo de Tehuantepec, arroj\u00f3 que en el 2020 se registraron 29 homicidios dolosos cometidos con arma de fuego, dos con arma blanca y cuatro con otro elemento, un total de 35 asesinatos, adem\u00e1s de un feminicidio.<\/p>\n\n\n\n<p>Para el a\u00f1o 2021, en Juchit\u00e1n estos delitos representaron un alza, con el registro de 46 homicidios dolosos, de los que 37 se cometieron con arma de fuego, siete con arma blanca y dos con otro elemento, as\u00ed como cuatro feminicidios, de los que dos fueron con arma de fuego.<\/p>\n\n\n\n<p>La muerte de hombres, mujeres y menores de edad contin\u00faa este inicio de a\u00f1o en Juchit\u00e1n, donde al menos 15 personas han perdido la vida a consecuencia de ataques armados en el transcurso de enero y febrero.<\/p>\n\n\n\n<p>Los m\u00e1s recientes hechos fueron tres masacres, una ocurrida el 2 de febrero, en que fueron asesinadas tres personas, dos de ellas mujeres.<\/p>\n\n\n\n<p>Otra el 3 de febrero, en que fueron ultimadas a balazos tres mujeres, entre ellas una menor de edad; una m\u00e1s el domingo 6 de febrero, en que acribillaron a tres mujeres, de ellas una menor de tres a\u00f1os de edad, y un var\u00f3n.<\/p>\n\n\n\n<p>En todos los casos no hay personas detenidas, debido a que la polic\u00eda municipal nunca estuvo cerca de la zona de los hechos, por lo cual los delincuentes huyeron sin ninguna complicaci\u00f3n.<\/p>\n\n\n\n<p>Apenas ayer, el Gobierno del Estado dio a conocer que instancias federales y estatales en materia de seguridad reforzaron los esquemas con el fin de resguardar a la poblaci\u00f3n en la regi\u00f3n del Istmo de Tehuantepec.<\/p>\n\n\n\n<p>El pasado 31 de diciembre, Emilio Montero P\u00e9rez termin\u00f3 sus tres a\u00f1os de mandato, electo bajo las siglas del Partido Morena; previo a ello, el 6 de junio de 2021 compiti\u00f3 de nuevo por la presidencia municipal, ahora bajo el Partido del Trabajo, y gan\u00f3. Inici\u00f3 funciones en segundo periodo el pasado 1 de enero, pero regres\u00f3 a las filas de Morena y es uno de los principales promotores de Salom\u00f3n Jara Cruz.<\/p>\n","protected":false},"excerpt":{"rendered":"<p>Yuridiana Sosa\/Zona Roja. Oaxaca de Ju\u00e1rez, Oax., 9 de febrero de 2022.- De acuerdo con&hellip;<\/p>\n","protected":false},"author":2,"featured_media":37364,"comment_status":"closed","ping_status":"open","sticky":false,"template":"","format":"standard","meta":{"_lmt_disableupdate":"","_lmt_disable":"","_jetpack_memberships_contains_paid_content":false,"footnotes":""},"categories":[109,47],"tags":[123],"class_list":["post-37362","post","type-post","status-publish","format-standard","has-post-thumbnail","hentry","category-minuto-a-minuto","category-zona-gris","tag-juchitan-de-zaragoza"],"jetpack_featured_media_url":"https:\/\/zonaroja.com.mx\/wp-content\/uploads\/2022\/02\/Emilio-Montero-Perez-1.jpg","jetpack_sharing_enabled":true,"_links":{"self":[{"href":"https:\/\/zonaroja.com.mx\/index.php?rest_route=\/wp\/v2\/posts\/37362","targetHints":{"allow":["GET"]}}],"collection":[{"href":"https:\/\/zonaroja.com.mx\/index.php?rest_route=\/wp\/v2\/posts"}],"about":[{"href":"https:\/\/zonaroja.com.mx\/index.php?rest_route=\/wp\/v2\/types\/post"}],"author":[{"embeddable":true,"href":"https:\/\/zonaroja.com.mx\/index.php?rest_route=\/wp\/v2\/users\/2"}],"replies":[{"embeddable":true,"href":"https:\/\/zonaroja.com.mx\/index.php?rest_route=%2Fwp%2Fv2%2Fcomments&post=37362"}],"version-history":[{"count":1,"href":"https:\/\/zonaroja.com.mx\/index.php?rest_route=\/wp\/v2\/posts\/37362\/revisions"}],"predecessor-version":[{"id":37366,"href":"https:\/\/zonaroja.com.mx\/index.php?rest_route=\/wp\/v2\/posts\/37362\/revisions\/37366"}],"wp:featuredmedia":[{"embeddable":true,"href":"https:\/\/zonaroja.com.mx\/index.php?rest_route=\/wp\/v2\/media\/37364"}],"wp:attachment":[{"href":"https:\/\/zonaroja.com.mx\/index.php?rest_route=%2Fwp%2Fv2%2Fmedia&parent=37362"}],"wp:term":[{"taxonomy":"category","embeddable":true,"href":"https:\/\/zonaroja.com.mx\/index.php?rest_route=%2Fwp%2Fv2%2Fcategories&post=37362"},{"taxonomy":"post_tag","embeddable":true,"href":"https:\/\/zonaroja.com.mx\/index.php?rest_route=%2Fwp%2Fv2%2Ftags&post=37362"}],"curies":[{"name":"wp","href":"https:\/\/api.w.org\/{rel}","templated":true}]}}