{"id":37367,"date":"2022-02-08T19:36:02","date_gmt":"2022-02-09T01:36:02","guid":{"rendered":"http:\/\/www.zonaroja.com.mx\/?p=37367"},"modified":"2022-02-08T19:36:04","modified_gmt":"2022-02-09T01:36:04","slug":"busca-una-mujer-ser-la-agente-municipal-de-san-martin-mexicapam","status":"publish","type":"post","link":"https:\/\/zonaroja.com.mx\/?p=37367","title":{"rendered":"Busca una mujer ser la agente municipal de San Mart\u00edn Mexic\u00e1pam"},"content":{"rendered":"\n<p>Redacci\u00f3n\/Zona Roja.<\/p>\n\n\n\n<p>Oaxaca de Ju\u00e1rez, Oax., 8 de febrero de 2022.- Dora del Roc\u00edo Bola\u00f1os Coronado se registr\u00f3 como candidata a la agencia de polic\u00eda de San Mart\u00edn Mexic\u00e1pam, Oaxaca de Ju\u00e1rez, ante el relevo de las autoridades auxiliares a realizarse el 13 de marzo.<\/p>\n\n\n\n<p>Bola\u00f1os Coronado acudi\u00f3 junto con integrantes de su planilla, entre ellos la doctora Erendira Z\u00fa\u00f1iga Lagunas, ante la Comisi\u00f3n de Agencias y Colonias del municipio de Oaxaca de Ju\u00e1rez a realizar su registro, cuyo proceso inici\u00f3 este martes.<\/p>\n\n\n\n<p>Luego de que en la sesi\u00f3n de Cabildo pasado se aprob\u00f3 la emisi\u00f3n de la convocatoria para el inicio del relevo en las 13 agencias de polic\u00eda de Oaxaca de Ju\u00e1rez, Dora del Roc\u00edo cumpli\u00f3 en tiempo y forma.<\/p>\n\n\n\n<p>La candidata a encabezar la agencia municipal destac\u00f3 como sus principales ejes de atenci\u00f3n: la inseguridad, educaci\u00f3n, salud y los derechos b\u00e1sicos, al ser un reclamo de los habitantes de la agencia de San Martin Mexic\u00e1pam.<\/p>\n\n\n\n<p>\u00abTristemente, puedo decir que hemos vivido a\u00f1os en el abandono y falta de atenci\u00f3n hacia nuestra agencia\u00bb, dijo<\/p>\n\n\n\n<p>Sostuvo que junto con su grupo de trabajo buscan transformar a San Mart\u00edn Mexic\u00e1pam para lograr el desarrollo y bienestar de la poblaci\u00f3n que la habita.<\/p>\n\n\n\n<p>\u00abCon el caminar y apoyo de mujeres y hombres que so\u00f1amos en un San Martin diferente, lograr una transformaci\u00f3n que nos lleve a alcanzar una realidad muy diferente a la que hoy tenemos\u00bb, manifest\u00f3.<\/p>\n","protected":false},"excerpt":{"rendered":"<p>Redacci\u00f3n\/Zona Roja. Oaxaca de Ju\u00e1rez, Oax., 8 de febrero de 2022.- Dora del Roc\u00edo Bola\u00f1os&hellip;<\/p>\n","protected":false},"author":2,"featured_media":37368,"comment_status":"closed","ping_status":"open","sticky":false,"template":"","format":"standard","meta":{"_lmt_disableupdate":"","_lmt_disable":"","_jetpack_memberships_contains_paid_content":false,"footnotes":""},"categories":[109,46],"tags":[3028],"class_list":["post-37367","post","type-post","status-publish","format-standard","has-post-thumbnail","hentry","category-minuto-a-minuto","category-zona-blanca","tag-dora-del-rocio-bolanos"],"jetpack_featured_media_url":"https:\/\/zonaroja.com.mx\/wp-content\/uploads\/2022\/02\/Dora-del-Rocio-San-Martin-Mexicapam.jpg","jetpack_sharing_enabled":true,"_links":{"self":[{"href":"https:\/\/zonaroja.com.mx\/index.php?rest_route=\/wp\/v2\/posts\/37367","targetHints":{"allow":["GET"]}}],"collection":[{"href":"https:\/\/zonaroja.com.mx\/index.php?rest_route=\/wp\/v2\/posts"}],"about":[{"href":"https:\/\/zonaroja.com.mx\/index.php?rest_route=\/wp\/v2\/types\/post"}],"author":[{"embeddable":true,"href":"https:\/\/zonaroja.com.mx\/index.php?rest_route=\/wp\/v2\/users\/2"}],"replies":[{"embeddable":true,"href":"https:\/\/zonaroja.com.mx\/index.php?rest_route=%2Fwp%2Fv2%2Fcomments&post=37367"}],"version-history":[{"count":1,"href":"https:\/\/zonaroja.com.mx\/index.php?rest_route=\/wp\/v2\/posts\/37367\/revisions"}],"predecessor-version":[{"id":37369,"href":"https:\/\/zonaroja.com.mx\/index.php?rest_route=\/wp\/v2\/posts\/37367\/revisions\/37369"}],"wp:featuredmedia":[{"embeddable":true,"href":"https:\/\/zonaroja.com.mx\/index.php?rest_route=\/wp\/v2\/media\/37368"}],"wp:attachment":[{"href":"https:\/\/zonaroja.com.mx\/index.php?rest_route=%2Fwp%2Fv2%2Fmedia&parent=37367"}],"wp:term":[{"taxonomy":"category","embeddable":true,"href":"https:\/\/zonaroja.com.mx\/index.php?rest_route=%2Fwp%2Fv2%2Fcategories&post=37367"},{"taxonomy":"post_tag","embeddable":true,"href":"https:\/\/zonaroja.com.mx\/index.php?rest_route=%2Fwp%2Fv2%2Ftags&post=37367"}],"curies":[{"name":"wp","href":"https:\/\/api.w.org\/{rel}","templated":true}]}}