{"id":37376,"date":"2022-02-08T22:34:51","date_gmt":"2022-02-09T04:34:51","guid":{"rendered":"http:\/\/www.zonaroja.com.mx\/?p=37376"},"modified":"2022-02-08T22:34:54","modified_gmt":"2022-02-09T04:34:54","slug":"asegura-sindicato-de-trabajadores-que-hay-avances-en-negociacion-con-uabjo","status":"publish","type":"post","link":"https:\/\/zonaroja.com.mx\/?p=37376","title":{"rendered":"Asegura Sindicato de Trabajadores que hay avances en negociaci\u00f3n con UABJO"},"content":{"rendered":"\n<p>Ismael Garc\u00eda M.\/Zona Roja.<\/p>\n\n\n\n<p>Oaxaca de Ju\u00e1rez, Oax., 8 de febrero de 2022.- Tras la segunda pl\u00e1tica en la Junta Local de Conciliaci\u00f3n y Arbitraje, el dirigente del Sindicato de Trabajadores y Empleados de la Universidad Aut\u00f3noma \u201cBenito Ju\u00e1rez\u201d de Oaxaca asegur\u00f3 que hay avances en la atenci\u00f3n de su pliego petitorio.<\/p>\n\n\n\n<p>A trav\u00e9s de un documento, el secretario General, Ariel Luj\u00e1n P\u00e9rez, dio a conocer que, con relaci\u00f3n al aumento salarial, les hicieron entrega del documento emitido por la Secretar\u00eda de Educaci\u00f3n P\u00fablica, de fecha 31 enero de 2022, cuyos porcentajes son los siguientes: 3.5% directo al salario y 1.80% a prestaciones no ligadas a salario.<\/p>\n\n\n\n<p>En cuanto al pago del 2% de apoyo de Gobierno del Estado correspondiente al ejercicio 2021, les informaron que el recurso ya est\u00e1 en las arcas de la Universidad y que \u00fanicamente deben ponerse de acuerdo en el concepto bajo el cual se pagar\u00e1, por los nuevos lineamientos de auditor\u00eda establecidos, y una vez acordado esto se dispersar\u00e1 el recurso.<\/p>\n\n\n\n<p>Detall\u00f3 que se pidi\u00f3 al presidente de la Junta de Conciliaci\u00f3n recordar al Gobierno del Estado deposite el recurso para que pueda ser pagado el tercer cuatrimestre de Calidad y Eficiencia el d\u00eda 15 de febrero del presente a\u00f1o, y a la Universidad, les entregue copia de los tr\u00e1mites realizados para la obtenci\u00f3n de dicho recurso.<\/p>\n\n\n\n<figure class=\"wp-block-embed is-type-rich is-provider-twitter wp-block-embed-twitter\"><div class=\"wp-block-embed__wrapper\">\n<div class=\"twitter-tweet\"><blockquote class=\"twitter-tweet\" data-lang=\"es\"><p lang=\"es\" dir=\"ltr\"><a href=\"https:\/\/twitter.com\/hashtag\/%C3%9AltimoMinuto?src=hash&amp;ref_src=twsrc%5Etfw\">#\u00daltimoMinuto<\/a> <br>Sigue la pugna en el <a href=\"https:\/\/twitter.com\/STEUABJO?ref_src=twsrc%5Etfw\">@STEUABJO<\/a>. Los dos grupos, de Julio Mora y de Ariel Luj\u00e1n, acuden a la Junta Local de Conciliaci\u00f3n y Arbitraje para dar seguimiento al emplazamiento a huelga. <br>Gente del primero de ellos bloquea el bulevar Eduardo Vasconcelos de la capital. <a href=\"https:\/\/t.co\/cvbikUrWmC\">pic.twitter.com\/cvbikUrWmC<\/a><\/p>&mdash; Zona Roja Oaxaca (@Zona_Roja_Oax) <a href=\"https:\/\/twitter.com\/Zona_Roja_Oax\/status\/1491112471947780102?ref_src=twsrc%5Etfw\">8 de febrero de 2022<\/a><\/blockquote><\/div>\n<\/div><\/figure>\n\n\n\n<p>Luj\u00e1n P\u00e9rez inform\u00f3 a la base trabajadora que los pagos pendientes tramitados por las diversas secretar\u00edas del STEUABJO, se pagar\u00e1n de acuerdo con la petici\u00f3n que hicieron, que sea de manera directa a los beneficiarios el d\u00eda jueves 10 y viernes 11 de este mes.<\/p>\n\n\n\n<p>Este martes, el grupo que encabeza Julio Mora P\u00e9rez &#8211;quien lleg\u00f3 a bordo de una lujosa camioneta de reciente modelo, marca Mercedes Benz&#8211;, tuvo una audiencia a las 10:00 horas, tambi\u00e9n en la Junta Local de Conciliaci\u00f3n, tras lo cual inform\u00f3 que no hubo ning\u00fan avance en su pliego petitorio de revisi\u00f3n salarial y contractual, por lo cual arreciar\u00e1n las protestas; previamente bloquearon por al menos cuatro horas el bulevar Eduardo Vasconcelos de la ciudad de Oaxaca.<\/p>\n\n\n\n<figure class=\"wp-block-embed is-type-rich is-provider-twitter wp-block-embed-twitter\"><div class=\"wp-block-embed__wrapper\">\n<div class=\"twitter-tweet\"><blockquote class=\"twitter-tweet\" data-lang=\"es\"><p lang=\"es\" dir=\"ltr\">\u00bfQu\u00e9 le parece? En una lujosa camioneta, marca Mercedes Benz, arrib\u00f3 hoy Julio Mora P\u00e9rez -conocido como el \u201cporro\u201d de la <a href=\"https:\/\/twitter.com\/UABJO?ref_src=twsrc%5Etfw\">@UABJO<\/a> \u201cEl Mora\u201d y quien se dice dirigente del STEUABJO- al bloqueo vial al bulevar Eduardo Vasconcelos de la ciudad de <a href=\"https:\/\/twitter.com\/hashtag\/Oaxaca?src=hash&amp;ref_src=twsrc%5Etfw\">#Oaxaca<\/a>. <a href=\"https:\/\/t.co\/Fw6HLWWDrw\">pic.twitter.com\/Fw6HLWWDrw<\/a><\/p>&mdash; Zona Roja Oaxaca (@Zona_Roja_Oax) <a href=\"https:\/\/twitter.com\/Zona_Roja_Oax\/status\/1491249620596703233?ref_src=twsrc%5Etfw\">9 de febrero de 2022<\/a><\/blockquote><\/div>\n<\/div><\/figure>\n","protected":false},"excerpt":{"rendered":"<p>Ismael Garc\u00eda M.\/Zona Roja. Oaxaca de Ju\u00e1rez, Oax., 8 de febrero de 2022.- Tras la&hellip;<\/p>\n","protected":false},"author":2,"featured_media":37377,"comment_status":"closed","ping_status":"open","sticky":false,"template":"","format":"standard","meta":{"_lmt_disableupdate":"","_lmt_disable":"","_jetpack_memberships_contains_paid_content":false,"footnotes":""},"categories":[109,47],"tags":[1286],"class_list":["post-37376","post","type-post","status-publish","format-standard","has-post-thumbnail","hentry","category-minuto-a-minuto","category-zona-gris","tag-sindicato-de-trabajadores-y-empleados-de-la-uabjo-steuabjo"],"jetpack_featured_media_url":"https:\/\/zonaroja.com.mx\/wp-content\/uploads\/2022\/02\/STEUABJO-platicas-Conciliacion.jpg","jetpack_sharing_enabled":true,"_links":{"self":[{"href":"https:\/\/zonaroja.com.mx\/index.php?rest_route=\/wp\/v2\/posts\/37376","targetHints":{"allow":["GET"]}}],"collection":[{"href":"https:\/\/zonaroja.com.mx\/index.php?rest_route=\/wp\/v2\/posts"}],"about":[{"href":"https:\/\/zonaroja.com.mx\/index.php?rest_route=\/wp\/v2\/types\/post"}],"author":[{"embeddable":true,"href":"https:\/\/zonaroja.com.mx\/index.php?rest_route=\/wp\/v2\/users\/2"}],"replies":[{"embeddable":true,"href":"https:\/\/zonaroja.com.mx\/index.php?rest_route=%2Fwp%2Fv2%2Fcomments&post=37376"}],"version-history":[{"count":1,"href":"https:\/\/zonaroja.com.mx\/index.php?rest_route=\/wp\/v2\/posts\/37376\/revisions"}],"predecessor-version":[{"id":37378,"href":"https:\/\/zonaroja.com.mx\/index.php?rest_route=\/wp\/v2\/posts\/37376\/revisions\/37378"}],"wp:featuredmedia":[{"embeddable":true,"href":"https:\/\/zonaroja.com.mx\/index.php?rest_route=\/wp\/v2\/media\/37377"}],"wp:attachment":[{"href":"https:\/\/zonaroja.com.mx\/index.php?rest_route=%2Fwp%2Fv2%2Fmedia&parent=37376"}],"wp:term":[{"taxonomy":"category","embeddable":true,"href":"https:\/\/zonaroja.com.mx\/index.php?rest_route=%2Fwp%2Fv2%2Fcategories&post=37376"},{"taxonomy":"post_tag","embeddable":true,"href":"https:\/\/zonaroja.com.mx\/index.php?rest_route=%2Fwp%2Fv2%2Ftags&post=37376"}],"curies":[{"name":"wp","href":"https:\/\/api.w.org\/{rel}","templated":true}]}}