{"id":37379,"date":"2022-02-09T07:36:46","date_gmt":"2022-02-09T13:36:46","guid":{"rendered":"http:\/\/www.zonaroja.com.mx\/?p=37379"},"modified":"2022-02-09T07:36:49","modified_gmt":"2022-02-09T13:36:49","slug":"opinion-somos-todos","status":"publish","type":"post","link":"https:\/\/zonaroja.com.mx\/?p=37379","title":{"rendered":"Opini\u00f3n. Somos todos"},"content":{"rendered":"\n<p>Ad\u00e1n C\u00f3rdova*<\/p>\n\n\n\n<p>\u00abVengo aqu\u00ed a pedirle apoyo, ayuda y justicia laboral, porque hasta temo por mi vida\u201d es la expresi\u00f3n que m\u00e1s se recuerda de una mujer asesinada.<\/p>\n\n\n\n<p>Nos est\u00e1n matando en M\u00e9xico y nadie, ni el presidente lo toma en serio; la delincuencia e inseguridad han rebasado al Estado, no es el pasado ni el futuro lo que nos importa, es el presente.<\/p>\n\n\n\n<p>Estudiantes, enfermeras, abogadas, iniciativa privada, servidores p\u00fablicos, periodistas, no hay un sector excluido de esta ola de violencia.<\/p>\n\n\n\n<p>No hay otros datos, son los mismos, los que vigilan, sobornan, corrompen y hacen de nuestro d\u00eda a d\u00eda, un tema de miedo y zozobra constante.<\/p>\n\n\n\n<p>Un hombre no es culpable de lo que hoy pasa, pero si ese hombre puede hacer algo y no lo hace, entonces se vuelve c\u00f3mplice.<\/p>\n\n\n\n<p>Vivimos en un pa\u00eds que no avanza en el combate a la corrupci\u00f3n, que no fortalece instituciones, que exime delincuentes y que una persona asesinada s\u00f3lo es parte de la estad\u00edstica.<\/p>\n\n\n\n<p>\u00a1Todos somos culpables! Porque seguimos culpando a la pol\u00edtica econ\u00f3mica, a los malos gobiernos, a los corruptos, pero se nos olvida que nosotros elegimos, que cada 3 y 6 a\u00f1os decidimos el rumbo de nuestros pueblos.<\/p>\n\n\n\n<p>\u00a1Todos somos culpables! Porque esperamos a que alguien haga algo; somos m\u00e1s de 126 millones de mexicanos; decidamos cambiar esta realidad, si seguimos en la misma ruta, seguiremos hablando del pasado que nadie construy\u00f3 y de un futuro que nunca llegar\u00e1.<\/p>\n\n\n\n<p>\u00a1Todos somos culpables! Porque preferimos un mal arreglo que un buen pleito, aunque tengamos la raz\u00f3n y nos asista el derecho.<\/p>\n\n\n\n<p>\u00a1Todos somos culpables! Porque no ser\u00e1 la \u00faltima si seguimos en silencio y seguimos alejados, dispersos en nuestros temas personales y no nos interesamos en lo p\u00fablico, en lo que a todos nos debe importar.<\/p>\n\n\n\n<p>No es un solo culpable, son las instituciones, la falta de educaci\u00f3n, de oportunidades, de una sociedad m\u00e1s unida y menos dispersa, no es uno, somos todos, los que podemos cambiar nuestro presente.<\/p>\n\n\n\n<p>*Integrante de la Comisi\u00f3n de Selecci\u00f3n del Sistema Nacional Anticorrupci\u00f3n; Coordinador del Laboratorio Universitario de Estudios de Transparencia y Combate a la Corrupci\u00f3n de la FDCS\/UABJO.<\/p>\n\n\n\n<p>adancordovatrujillo@gmail.com<\/p>\n\n\n\n<p>@adancordovat<\/p>\n","protected":false},"excerpt":{"rendered":"<p>Ad\u00e1n C\u00f3rdova* \u00abVengo aqu\u00ed a pedirle apoyo, ayuda y justicia laboral, porque hasta temo por&hellip;<\/p>\n","protected":false},"author":2,"featured_media":37380,"comment_status":"closed","ping_status":"open","sticky":false,"template":"","format":"standard","meta":{"_lmt_disableupdate":"","_lmt_disable":"","_jetpack_memberships_contains_paid_content":false,"footnotes":""},"categories":[456,109],"tags":[184],"class_list":["post-37379","post","type-post","status-publish","format-standard","has-post-thumbnail","hentry","category-columna","category-minuto-a-minuto","tag-adan-cordova-trujillo"],"jetpack_featured_media_url":"https:\/\/zonaroja.com.mx\/wp-content\/uploads\/2022\/02\/Adan-Cordova-Trujillo.jpg","jetpack_sharing_enabled":true,"_links":{"self":[{"href":"https:\/\/zonaroja.com.mx\/index.php?rest_route=\/wp\/v2\/posts\/37379","targetHints":{"allow":["GET"]}}],"collection":[{"href":"https:\/\/zonaroja.com.mx\/index.php?rest_route=\/wp\/v2\/posts"}],"about":[{"href":"https:\/\/zonaroja.com.mx\/index.php?rest_route=\/wp\/v2\/types\/post"}],"author":[{"embeddable":true,"href":"https:\/\/zonaroja.com.mx\/index.php?rest_route=\/wp\/v2\/users\/2"}],"replies":[{"embeddable":true,"href":"https:\/\/zonaroja.com.mx\/index.php?rest_route=%2Fwp%2Fv2%2Fcomments&post=37379"}],"version-history":[{"count":1,"href":"https:\/\/zonaroja.com.mx\/index.php?rest_route=\/wp\/v2\/posts\/37379\/revisions"}],"predecessor-version":[{"id":37382,"href":"https:\/\/zonaroja.com.mx\/index.php?rest_route=\/wp\/v2\/posts\/37379\/revisions\/37382"}],"wp:featuredmedia":[{"embeddable":true,"href":"https:\/\/zonaroja.com.mx\/index.php?rest_route=\/wp\/v2\/media\/37380"}],"wp:attachment":[{"href":"https:\/\/zonaroja.com.mx\/index.php?rest_route=%2Fwp%2Fv2%2Fmedia&parent=37379"}],"wp:term":[{"taxonomy":"category","embeddable":true,"href":"https:\/\/zonaroja.com.mx\/index.php?rest_route=%2Fwp%2Fv2%2Fcategories&post=37379"},{"taxonomy":"post_tag","embeddable":true,"href":"https:\/\/zonaroja.com.mx\/index.php?rest_route=%2Fwp%2Fv2%2Ftags&post=37379"}],"curies":[{"name":"wp","href":"https:\/\/api.w.org\/{rel}","templated":true}]}}