{"id":37386,"date":"2022-02-09T07:58:24","date_gmt":"2022-02-09T13:58:24","guid":{"rendered":"http:\/\/www.zonaroja.com.mx\/?p=37386"},"modified":"2022-02-09T07:58:27","modified_gmt":"2022-02-09T13:58:27","slug":"oaxaquenos-quieren-imponerse-en-maraton-y-ultramaraton-de-espana","status":"publish","type":"post","link":"https:\/\/zonaroja.com.mx\/?p=37386","title":{"rendered":"Oaxaque\u00f1os quieren imponerse en marat\u00f3n y ultramarat\u00f3n de Espa\u00f1a"},"content":{"rendered":"\n<p>Yuridiana Sosa\/Zona Roja.<\/p>\n\n\n\n<p>Oaxaca de Ju\u00e1rez, Oax., 9 de febrero de 2020.- Los atletas Rub\u00e9n Toledo, Alejandra Navarro y P\u00e1vel Serrano anunciaron el proyecto de preparaci\u00f3n \u201cOaxacanfranc\u201d, con el que planean llegar e imponer una nueva marca en la Copa Mundo WMRA y Alpinultras, a celebrarse en Espa\u00f1a.<\/p>\n\n\n\n<p>Los tres oaxaque\u00f1os, con trayectorias marcadas por logros en competencias de 50 y 100, kil\u00f3metros ahora quieren convertirse en los primeros mexicanos en terminar la competencia internacional, que en su 16 edici\u00f3n tiene como sede Canfranc, Espa\u00f1a.<\/p>\n\n\n\n<p>En conferencia de prensa, en la capital del estado, Rub\u00e9n, Alejandra y P\u00e1vel dieron a conocer que empezar\u00e1n su preparaci\u00f3n f\u00edsica y mental para llegar al 100 por ciento a \u201cCanfranc Canfranc 2022\u201d, pero as\u00ed tambi\u00e9n buscan patrocinadores y apoyos de autoridades.<\/p>\n\n\n\n<figure class=\"wp-block-embed is-type-rich is-provider-twitter wp-block-embed-twitter\"><div class=\"wp-block-embed__wrapper\">\n<div class=\"twitter-tweet\"><blockquote class=\"twitter-tweet\" data-lang=\"es\"><p lang=\"es\" dir=\"ltr\"><a href=\"https:\/\/twitter.com\/hashtag\/ENVIVO?src=hash&amp;ref_src=twsrc%5Etfw\">#ENVIVO<\/a><br>Oaxaca de Ju\u00e1rez, Oax., 8 de febrero de 2022.- Tres oaxaque\u00f1os van a un ultramarat\u00f3n de 100 kil\u00f3metros a Espa\u00f1a, en septiembre pr\u00f3ximo. Se trata de Alejandra Navarro, Rub\u00e9n Toledo y P\u00e1vel Pensamiento. <br>Aqu\u00ed la transmisi\u00f3n:<br>\ud83d\udc47<a href=\"https:\/\/t.co\/r96itNiVPu\">https:\/\/t.co\/r96itNiVPu<\/a> <a href=\"https:\/\/t.co\/NajVxBa1pV\">pic.twitter.com\/NajVxBa1pV<\/a><\/p>&mdash; Zona Roja Oaxaca (@Zona_Roja_Oax) <a href=\"https:\/\/twitter.com\/Zona_Roja_Oax\/status\/1491105181400178688?ref_src=twsrc%5Etfw\">8 de febrero de 2022<\/a><\/blockquote><\/div>\n<\/div><\/figure>\n\n\n\n<p>Alejandra Navarro puntualiz\u00f3 que como reto personal es posicionarse entre las 10 primeras mujeres en acabar la competencia que en su grado m\u00e1s alto se recorren 100 kil\u00f3metros.<\/p>\n\n\n\n<p>Rub\u00e9n Toledo, competidor de talla internacional que cuenta con una carrera de 100 millas en la Patagonia chilena como respaldo, destac\u00f3 que ning\u00fan mexicano que ha participado en la copa en Espa\u00f1a ha logrado terminar la carrera.<\/p>\n\n\n\n<p>El \u201cCanfranc Canfranc 2022\u201d Copa Mundo WMRA y Alpinultras cuenta con las categor\u00edas de Classic 16 kil\u00f3metros, Marat\u00f3n 45 kil\u00f3metros y Ultra 100 kil\u00f3metros, pero este a\u00f1o se a\u00f1ade un nuevo reto, el kil\u00f3metro vertical que contempla ascensos vertiginosos con panoramas naturales.<\/p>\n\n\n\n<p>Las cinco carreras de monta\u00f1a se realizan en el coraz\u00f3n del Pirineo Aragon\u00e9s, acogidas a la disciplina de la Real Federaci\u00f3n Espa\u00f1ola de Atletismo (RFEA).<\/p>\n","protected":false},"excerpt":{"rendered":"<p>Yuridiana Sosa\/Zona Roja. Oaxaca de Ju\u00e1rez, Oax., 9 de febrero de 2020.- Los atletas Rub\u00e9n&hellip;<\/p>\n","protected":false},"author":2,"featured_media":37381,"comment_status":"closed","ping_status":"open","sticky":false,"template":"","format":"standard","meta":{"_lmt_disableupdate":"","_lmt_disable":"","_jetpack_memberships_contains_paid_content":false,"footnotes":""},"categories":[109,46],"tags":[],"class_list":["post-37386","post","type-post","status-publish","format-standard","has-post-thumbnail","hentry","category-minuto-a-minuto","category-zona-blanca"],"jetpack_featured_media_url":"https:\/\/zonaroja.com.mx\/wp-content\/uploads\/2022\/02\/Maratonistas-oaxaquenos.jpg","jetpack_sharing_enabled":true,"_links":{"self":[{"href":"https:\/\/zonaroja.com.mx\/index.php?rest_route=\/wp\/v2\/posts\/37386","targetHints":{"allow":["GET"]}}],"collection":[{"href":"https:\/\/zonaroja.com.mx\/index.php?rest_route=\/wp\/v2\/posts"}],"about":[{"href":"https:\/\/zonaroja.com.mx\/index.php?rest_route=\/wp\/v2\/types\/post"}],"author":[{"embeddable":true,"href":"https:\/\/zonaroja.com.mx\/index.php?rest_route=\/wp\/v2\/users\/2"}],"replies":[{"embeddable":true,"href":"https:\/\/zonaroja.com.mx\/index.php?rest_route=%2Fwp%2Fv2%2Fcomments&post=37386"}],"version-history":[{"count":1,"href":"https:\/\/zonaroja.com.mx\/index.php?rest_route=\/wp\/v2\/posts\/37386\/revisions"}],"predecessor-version":[{"id":37387,"href":"https:\/\/zonaroja.com.mx\/index.php?rest_route=\/wp\/v2\/posts\/37386\/revisions\/37387"}],"wp:featuredmedia":[{"embeddable":true,"href":"https:\/\/zonaroja.com.mx\/index.php?rest_route=\/wp\/v2\/media\/37381"}],"wp:attachment":[{"href":"https:\/\/zonaroja.com.mx\/index.php?rest_route=%2Fwp%2Fv2%2Fmedia&parent=37386"}],"wp:term":[{"taxonomy":"category","embeddable":true,"href":"https:\/\/zonaroja.com.mx\/index.php?rest_route=%2Fwp%2Fv2%2Fcategories&post=37386"},{"taxonomy":"post_tag","embeddable":true,"href":"https:\/\/zonaroja.com.mx\/index.php?rest_route=%2Fwp%2Fv2%2Ftags&post=37386"}],"curies":[{"name":"wp","href":"https:\/\/api.w.org\/{rel}","templated":true}]}}