{"id":37391,"date":"2022-02-09T08:18:10","date_gmt":"2022-02-09T14:18:10","guid":{"rendered":"http:\/\/www.zonaroja.com.mx\/?p=37391"},"modified":"2022-02-09T08:18:13","modified_gmt":"2022-02-09T14:18:13","slug":"zacatecas-y-sus-masacres-permanentes-ayer-cinco-descuartizados","status":"publish","type":"post","link":"https:\/\/zonaroja.com.mx\/?p=37391","title":{"rendered":"Zacatecas y sus masacres permanentes: ayer cinco descuartizados"},"content":{"rendered":"\n<p>Redacci\u00f3n\/Zona Roja Cdmx.<\/p>\n\n\n\n<p>Ciudad de M\u00e9xico, 9 de febrero de 2022.- Luego de tres d\u00edas de los hallazgos de casi una veintena de cuerpos en Fresnillo y P\u00e1nfilo Natera, ayer se present\u00f3 otra masacre, ahora en la capital de Zacatecas.<\/p>\n\n\n\n<p>La Fiscal\u00eda General de Justicia del Estado detall\u00f3 que elementos de la polic\u00eda municipal advirtieron la presencia de cinco bolsas negras abandonadas en la calle Marco Torres, en la colonia Alma Obrera.<\/p>\n\n\n\n<p>Indic\u00f3 que, despu\u00e9s de que elementos de seguridad acordonaron el lugar, arrib\u00f3 el personal especializado, el cual comprob\u00f3 que se trataba de restos humanos. Posteriormente las bolsas fueron llevadas al Servicio M\u00e9dico Forense (Semefo).<\/p>\n\n\n\n<p>A\u00fan no se ha identificado a ninguna de las cinco v\u00edctimas que fueron encontradas esta ma\u00f1ana, indic\u00f3 la fiscal\u00eda estatal.<\/p>\n\n\n\n<p>En cuanto a lo ocurrido el s\u00e1bado pasado, en la ciudad de Fresnillo se encontraron nueve cuerpos sin vida, los cuales presentaba signos de tortura. Mientras que en P\u00e1nfilo Natera fueron siete las v\u00edctimas encontradas en una bodega.<\/p>\n\n\n\n<p>Zacatecas es una de las entidades en las que la violencia se ha incrementado de forma importante en los \u00faltimos meses.<\/p>\n\n\n\n<p>De hecho, forma parte del grupo de estados \u00abprioritarios\u00bb en los que el gobierno federal reforz\u00f3 la seguridad con el env\u00edo de elementos de la Guardia Nacional.<\/p>\n\n\n\n<p>(Informaci\u00f3n de agencias)<\/p>\n","protected":false},"excerpt":{"rendered":"<p>Redacci\u00f3n\/Zona Roja Cdmx. Ciudad de M\u00e9xico, 9 de febrero de 2022.- Luego de tres d\u00edas&hellip;<\/p>\n","protected":false},"author":2,"featured_media":18319,"comment_status":"closed","ping_status":"open","sticky":false,"template":"","format":"standard","meta":{"_lmt_disableupdate":"","_lmt_disable":"","_jetpack_memberships_contains_paid_content":false,"footnotes":""},"categories":[109,51],"tags":[1794],"class_list":["post-37391","post","type-post","status-publish","format-standard","has-post-thumbnail","hentry","category-minuto-a-minuto","category-zona-roja","tag-zacatecas"],"jetpack_featured_media_url":"https:\/\/zonaroja.com.mx\/wp-content\/uploads\/2020\/10\/Escena-del-crimen3.jpg","jetpack_sharing_enabled":true,"_links":{"self":[{"href":"https:\/\/zonaroja.com.mx\/index.php?rest_route=\/wp\/v2\/posts\/37391","targetHints":{"allow":["GET"]}}],"collection":[{"href":"https:\/\/zonaroja.com.mx\/index.php?rest_route=\/wp\/v2\/posts"}],"about":[{"href":"https:\/\/zonaroja.com.mx\/index.php?rest_route=\/wp\/v2\/types\/post"}],"author":[{"embeddable":true,"href":"https:\/\/zonaroja.com.mx\/index.php?rest_route=\/wp\/v2\/users\/2"}],"replies":[{"embeddable":true,"href":"https:\/\/zonaroja.com.mx\/index.php?rest_route=%2Fwp%2Fv2%2Fcomments&post=37391"}],"version-history":[{"count":1,"href":"https:\/\/zonaroja.com.mx\/index.php?rest_route=\/wp\/v2\/posts\/37391\/revisions"}],"predecessor-version":[{"id":37392,"href":"https:\/\/zonaroja.com.mx\/index.php?rest_route=\/wp\/v2\/posts\/37391\/revisions\/37392"}],"wp:featuredmedia":[{"embeddable":true,"href":"https:\/\/zonaroja.com.mx\/index.php?rest_route=\/wp\/v2\/media\/18319"}],"wp:attachment":[{"href":"https:\/\/zonaroja.com.mx\/index.php?rest_route=%2Fwp%2Fv2%2Fmedia&parent=37391"}],"wp:term":[{"taxonomy":"category","embeddable":true,"href":"https:\/\/zonaroja.com.mx\/index.php?rest_route=%2Fwp%2Fv2%2Fcategories&post=37391"},{"taxonomy":"post_tag","embeddable":true,"href":"https:\/\/zonaroja.com.mx\/index.php?rest_route=%2Fwp%2Fv2%2Ftags&post=37391"}],"curies":[{"name":"wp","href":"https:\/\/api.w.org\/{rel}","templated":true}]}}