{"id":37394,"date":"2022-02-09T14:05:36","date_gmt":"2022-02-09T20:05:36","guid":{"rendered":"https:\/\/www.zonaroja.com.mx\/?p=37394"},"modified":"2022-02-09T14:06:50","modified_gmt":"2022-02-09T20:06:50","slug":"por-caso-nochixtlan-detienen-a-ex-titular-de-la-policia-estatal-de-oaxaca","status":"publish","type":"post","link":"https:\/\/zonaroja.com.mx\/?p=37394","title":{"rendered":"Por caso Nochixtl\u00e1n, detienen a ex titular de la Polic\u00eda Estatal de Oaxaca"},"content":{"rendered":"\n<p>Redacci\u00f3n\/Informativo 570. <\/p>\n\n\n\n<p>Oaxaca de Ju\u00e1rez, Oax., 9 de febrero de 2022.- Elementos de la Polic\u00eda Ministerial Federal detuvieron al ex comisionado de la Polic\u00eda Estatal de Oaxaca, Froyl\u00e1n C. C por su presunta responsabilidad en los delitos de homicidio y lesiones calificadas producto del operativo fallido en 2016 en Asunci\u00f3n Nochixtl\u00e1n.<\/p>\n\n\n\n<p>El ex mando particip\u00f3 en la coordinaci\u00f3n del operativo que se efectu\u00f3 el 19 de junio de ese a\u00f1o, donde intervinieron polic\u00edas federales y Gendarmer\u00eda Nacional, y deriv\u00f3 en un enfrentamiento que dej\u00f3 ocho &nbsp;muertos, seis en Nochixtl\u00e1n, y m\u00e1s de 100 personas heridas.<\/p>\n\n\n\n<p>En el operativo fallido, los uniformados hicieron uso de sus armas de fuego para disparar en contra de los manifestantes, maestros y pobladores de comunidades cercanas que acudieron en su apoyo en rechazo de la llamada Reforma Educativa.<\/p>\n\n\n\n<p>Sin embargo, en un primer momento negaron el uso de armas y fueron desmentidos por las evidencias mostradas por medios de comunicaci\u00f3n.<\/p>\n\n\n\n<p>El tambi\u00e9n General de Brigada Diplomado de Estado Mayor retirado fue trasladado a las instalaciones de la Fiscal\u00eda General de la Rep\u00fablica (FGR), ubicadas en San Bartolo Coyotepec, y puesto a dispocisi\u00f3n del juez de Control.<\/p>\n\n\n\n<p>Este mi\u00e9rcoles, se estima el desarrollo de su audiencia para la formulaci\u00f3n de cargos por los delitos se\u00f1alados en su contra.<\/p>\n\n\n\n<p>La detenci\u00f3n del ex comisionado se suma a otras de mandos policiacos que participaron en la coordinaci\u00f3n y direcciones de este operativo que ten\u00eda como fin retirar un bloqueo sobre la carretera federal 135-D que llevaba m\u00e1s de una semana y termin\u00f3 en un enfrentamiento violento.<\/p>\n\n\n\n<p>En septiembre del 2021, fueron detenidos aprehendidos Juan P. A., exdirector de la Divisi\u00f3n de Fuerzas Especiales de la Polic\u00eda Estatal en 20216 y de Carlos G. R., miembro de la Polic\u00eda Federal y qui\u00e9n se encontr\u00f3 al frente del operativo.<\/p>\n","protected":false},"excerpt":{"rendered":"<p>Redacci\u00f3n\/Informativo 570. Oaxaca de Ju\u00e1rez, Oax., 9 de febrero de 2022.- Elementos de la Polic\u00eda&hellip;<\/p>\n","protected":false},"author":2,"featured_media":37393,"comment_status":"closed","ping_status":"open","sticky":false,"template":"","format":"standard","meta":{"_lmt_disableupdate":"","_lmt_disable":"","_jetpack_memberships_contains_paid_content":false,"footnotes":""},"categories":[109,47],"tags":[],"class_list":["post-37394","post","type-post","status-publish","format-standard","has-post-thumbnail","hentry","category-minuto-a-minuto","category-zona-gris"],"jetpack_featured_media_url":"https:\/\/zonaroja.com.mx\/wp-content\/uploads\/2022\/02\/d1364594-cf00-4769-928a-4690076f9c81.jpg","jetpack_sharing_enabled":true,"_links":{"self":[{"href":"https:\/\/zonaroja.com.mx\/index.php?rest_route=\/wp\/v2\/posts\/37394","targetHints":{"allow":["GET"]}}],"collection":[{"href":"https:\/\/zonaroja.com.mx\/index.php?rest_route=\/wp\/v2\/posts"}],"about":[{"href":"https:\/\/zonaroja.com.mx\/index.php?rest_route=\/wp\/v2\/types\/post"}],"author":[{"embeddable":true,"href":"https:\/\/zonaroja.com.mx\/index.php?rest_route=\/wp\/v2\/users\/2"}],"replies":[{"embeddable":true,"href":"https:\/\/zonaroja.com.mx\/index.php?rest_route=%2Fwp%2Fv2%2Fcomments&post=37394"}],"version-history":[{"count":1,"href":"https:\/\/zonaroja.com.mx\/index.php?rest_route=\/wp\/v2\/posts\/37394\/revisions"}],"predecessor-version":[{"id":37395,"href":"https:\/\/zonaroja.com.mx\/index.php?rest_route=\/wp\/v2\/posts\/37394\/revisions\/37395"}],"wp:featuredmedia":[{"embeddable":true,"href":"https:\/\/zonaroja.com.mx\/index.php?rest_route=\/wp\/v2\/media\/37393"}],"wp:attachment":[{"href":"https:\/\/zonaroja.com.mx\/index.php?rest_route=%2Fwp%2Fv2%2Fmedia&parent=37394"}],"wp:term":[{"taxonomy":"category","embeddable":true,"href":"https:\/\/zonaroja.com.mx\/index.php?rest_route=%2Fwp%2Fv2%2Fcategories&post=37394"},{"taxonomy":"post_tag","embeddable":true,"href":"https:\/\/zonaroja.com.mx\/index.php?rest_route=%2Fwp%2Fv2%2Ftags&post=37394"}],"curies":[{"name":"wp","href":"https:\/\/api.w.org\/{rel}","templated":true}]}}