{"id":37398,"date":"2022-02-09T18:32:43","date_gmt":"2022-02-10T00:32:43","guid":{"rendered":"http:\/\/www.zonaroja.com.mx\/?p=37398"},"modified":"2022-02-09T18:32:46","modified_gmt":"2022-02-10T00:32:46","slug":"denuncian-que-insabi-contrata-y-retiene-al-personal-de-salud","status":"publish","type":"post","link":"https:\/\/zonaroja.com.mx\/?p=37398","title":{"rendered":"Denuncian que Insabi contrata y \u201cretiene\u201d al personal de salud"},"content":{"rendered":"\n<p>Yuridiana Sosa\/Zona Roja.<\/p>\n\n\n\n<p>Oaxaca de Ju\u00e1rez, Oax., 9 de febrero de 2022.- Integrantes de la Coordinadora de Sindicatos de Salud de Oaxaca denunciaron diversas irregularidades e incumplimientos en la contrataci\u00f3n de personal por parte del Instituto de Salud para el Bienestar(Insabi) y de los Servicios de Salud de Oaxaca (SSO).<\/p>\n\n\n\n<p>En conferencia de prensa, este mi\u00e9rcoles, los dirigentes del movimiento se\u00f1alaron que desde hace m\u00e1s de dos semanas que el Insabi concluy\u00f3 la contrataci\u00f3n para 556 m\u00e9dicos, personal de enfermer\u00eda y odont\u00f3logos, les han negado la oportunidad de asistir a los Centros de Salud asignados, por lo que permanecen en las jurisdicciones sanitarias de la entidad.<\/p>\n\n\n\n<p>Uno de los acuerdos con la dependencia federal fue que la productividad del personal comenzar\u00eda desde el primer d\u00eda de su contrataci\u00f3n, lo cual no han respetado, pero tampoco ofrecen una respuesta sobre esta \u201cretenci\u00f3n\u201d, apunt\u00f3 dirigente Mar\u00eda del Carmen Noriega.<\/p>\n\n\n\n<p>El personal m\u00e9dico, de enfermer\u00eda y odont\u00f3logos recontratados demandan por medio de sus representantes ser instalados en sus puestos de trabajo a la mayor brevedad para no continuar privando de estos servicios en las comunidades. Adem\u00e1s, tampoco existen fechas para la capacitaci\u00f3n del personal del extinto Seguro Popular.<\/p>\n\n\n\n<p>Mientras que Servicios de Salud de Oaxaca tampoco ha cumplido con los tr\u00e1mites correspondientes para que el personal administrativo despedido sea recontratado.<\/p>\n\n\n\n<p>De los 436 que resultaron afectados, unos 230 trabajadores adheridos a la Coordinadora de Salud ser\u00edan recontratados y los que cuenten con mayor antig\u00fcedad laboral contar\u00edan con una categor\u00eda que les diera la posibilidad de ser basificados, seg\u00fan el acuerdo.<\/p>\n\n\n\n<p>Sin embargo, denunciaron los l\u00edderes, hasta el momento no existen avances sobre estos casos, trat\u00e1ndose de una omisi\u00f3n a los acuerdos establecidos en minutas en reuniones pasadas.<\/p>\n\n\n\n<p>Por esos actos, la Coordinadora de Sindicatos de Salud de Oaxaca planea nueva jornada de movilizaciones para hacer valer las demandas pactadas.<\/p>\n","protected":false},"excerpt":{"rendered":"<p>Yuridiana Sosa\/Zona Roja. Oaxaca de Ju\u00e1rez, Oax., 9 de febrero de 2022.- Integrantes de la&hellip;<\/p>\n","protected":false},"author":2,"featured_media":37399,"comment_status":"closed","ping_status":"open","sticky":false,"template":"","format":"standard","meta":{"_lmt_disableupdate":"","_lmt_disable":"","_jetpack_memberships_contains_paid_content":false,"footnotes":""},"categories":[109,47],"tags":[1005],"class_list":["post-37398","post","type-post","status-publish","format-standard","has-post-thumbnail","hentry","category-minuto-a-minuto","category-zona-gris","tag-servicios-de-salud-de-oaxaca-sso"],"jetpack_featured_media_url":"https:\/\/zonaroja.com.mx\/wp-content\/uploads\/2022\/02\/Conferencia-de-prensa-coordinadora-sindicatos-de-salud.jpg","jetpack_sharing_enabled":true,"_links":{"self":[{"href":"https:\/\/zonaroja.com.mx\/index.php?rest_route=\/wp\/v2\/posts\/37398","targetHints":{"allow":["GET"]}}],"collection":[{"href":"https:\/\/zonaroja.com.mx\/index.php?rest_route=\/wp\/v2\/posts"}],"about":[{"href":"https:\/\/zonaroja.com.mx\/index.php?rest_route=\/wp\/v2\/types\/post"}],"author":[{"embeddable":true,"href":"https:\/\/zonaroja.com.mx\/index.php?rest_route=\/wp\/v2\/users\/2"}],"replies":[{"embeddable":true,"href":"https:\/\/zonaroja.com.mx\/index.php?rest_route=%2Fwp%2Fv2%2Fcomments&post=37398"}],"version-history":[{"count":1,"href":"https:\/\/zonaroja.com.mx\/index.php?rest_route=\/wp\/v2\/posts\/37398\/revisions"}],"predecessor-version":[{"id":37401,"href":"https:\/\/zonaroja.com.mx\/index.php?rest_route=\/wp\/v2\/posts\/37398\/revisions\/37401"}],"wp:featuredmedia":[{"embeddable":true,"href":"https:\/\/zonaroja.com.mx\/index.php?rest_route=\/wp\/v2\/media\/37399"}],"wp:attachment":[{"href":"https:\/\/zonaroja.com.mx\/index.php?rest_route=%2Fwp%2Fv2%2Fmedia&parent=37398"}],"wp:term":[{"taxonomy":"category","embeddable":true,"href":"https:\/\/zonaroja.com.mx\/index.php?rest_route=%2Fwp%2Fv2%2Fcategories&post=37398"},{"taxonomy":"post_tag","embeddable":true,"href":"https:\/\/zonaroja.com.mx\/index.php?rest_route=%2Fwp%2Fv2%2Ftags&post=37398"}],"curies":[{"name":"wp","href":"https:\/\/api.w.org\/{rel}","templated":true}]}}