{"id":37402,"date":"2022-02-09T19:29:43","date_gmt":"2022-02-10T01:29:43","guid":{"rendered":"http:\/\/www.zonaroja.com.mx\/?p=37402"},"modified":"2022-02-09T19:29:46","modified_gmt":"2022-02-10T01:29:46","slug":"plantea-diputada-crear-comision-de-derechos-de-ninas-ninos-y-adolescentes","status":"publish","type":"post","link":"https:\/\/zonaroja.com.mx\/?p=37402","title":{"rendered":"Plantea diputada crear Comisi\u00f3n de Derechos de Ni\u00f1as, Ni\u00f1os y Adolescentes"},"content":{"rendered":"\n<p>Redacci\u00f3n\/Zona Roja.<\/p>\n\n\n\n<p>San Raymundo Jalpan, Oax., 9 de.- La presidenta de la Mesa Directiva de la 65 Legislatura del Congreso de Oaxaca, Mariana Ben\u00edtez Tiburcio, se pronunci\u00f3 porque el Poder Legislativo cuente con una Comisi\u00f3n Permanente de los Derechos de las Ni\u00f1as, Ni\u00f1os y Adolescentes.<\/p>\n\n\n\n<p>Al presentar una iniciativa con Proyecto de Decreto para modificar la fracci\u00f3n VII del art\u00edculo 65 de la Ley Org\u00e1nica del Poder Legislativo de Oaxaca; y modificar la fracci\u00f3n VII y el inciso f) de la fracci\u00f3n XVI del art\u00edculo 42 del Reglamento Interior del Congreso de Oaxaca, la representante popular medit\u00f3 que garantizar los derechos de las ni\u00f1as, ni\u00f1os y adolescentes y observar c\u00f3mo principio orientador de todo actuar publico el inter\u00e9s superior de las ni\u00f1as, ni\u00f1os y adolescentes debe ser, una prioridad en la presente legislatura.<\/p>\n\n\n\n<p>Record\u00f3 que las y los ni\u00f1os cuentan con necesidades especiales para garantizar su pleno potencial, por lo que requieren de atenci\u00f3n integral que los entienda desde tres \u00f3pticas diferentes: la primera, en su calidad de personas; la segunda, como integrantes de una familia; y la tercera, como parte de una comunidad.<\/p>\n\n\n\n<p>Se\u00f1al\u00f3 que no obstante los avances, M\u00e9xico mantiene una deuda hist\u00f3rica para garantizar la plena efectividad de los derechos humanos de las ni\u00f1as, ni\u00f1os y adolescentes.<\/p>\n\n\n\n<figure class=\"wp-block-embed is-type-rich is-provider-twitter wp-block-embed-twitter\"><div class=\"wp-block-embed__wrapper\">\n<div class=\"twitter-tweet\"><blockquote class=\"twitter-tweet\" data-lang=\"es\"><p lang=\"es\" dir=\"ltr\"><a href=\"https:\/\/twitter.com\/hashtag\/%C3%9AltimoMinuto?src=hash&amp;ref_src=twsrc%5Etfw\">#\u00daltimoMinuto<\/a> <br>En sesi\u00f3n ordinaria de hoy, la diputada y presidenta de la Mesa Directiva del <a href=\"https:\/\/twitter.com\/CongresoOaxaca_?ref_src=twsrc%5Etfw\">@CongresoOaxaca_<\/a>, <a href=\"https:\/\/twitter.com\/marianabenitezt?ref_src=twsrc%5Etfw\">@marianabenitezt<\/a>, present\u00f3 una iniciativa para crear en el Legislativo la Comisi\u00f3n Permanente de las Ni\u00f1as, Ni\u00f1os y Adolescentes. <a href=\"https:\/\/t.co\/OHQJuhv2ZM\">pic.twitter.com\/OHQJuhv2ZM<\/a><\/p>&mdash; Zona Roja Oaxaca (@Zona_Roja_Oax) <a href=\"https:\/\/twitter.com\/Zona_Roja_Oax\/status\/1491498883935096832?ref_src=twsrc%5Etfw\">9 de febrero de 2022<\/a><\/blockquote><\/div>\n<\/div><\/figure>\n\n\n\n<p>\u201cEjemplos sobran de cuando las autoridades son omisas en priorizar y garantizar los derechos de la infancia y las juventudes. Basta leer las noticias y asumir con dolor que estamos en deuda con quienes deber\u00edan ser la prioridad en nuestro presente y la promesa de nuestro futuro: leyes carentes de una visi\u00f3n transversal que proteja sus derechos, pol\u00edticas p\u00fablicas que se implementan en los tres \u00f3rdenes de gobierno fundadas en el adultocentrismo, omisiones e indolencias de autoridades que en principio son las responsables de su protecci\u00f3n y cuidado, entre otros muchos otros casos dolorosos que se han hecho p\u00fablicos\u201d.<\/p>\n\n\n\n<p>Ello es relevante porque lleva a cuestionarnos sobre el cumplimiento y la efectividad de los mecanismos que supuestamente se dise\u00f1an para la protecci\u00f3n de las y los menores y revela la necesidad de que la agenda de los derechos de las ni\u00f1as, ni\u00f1os y adolescentes, encuentre un lugar prioritario en los gobiernos y congresos.<\/p>\n\n\n\n<p>Afirm\u00f3 que resulta necesario que desde el \u00e1mbito de competencia de cada autoridad, se lleven a cabo acciones encaminadas a garantizar los derechos de ni\u00f1os, ni\u00f1as y adolescentes, en pleno cumplimiento de los instrumentos internacionales a los que M\u00e9xico se encuentra obligado a cumplir y de los propios principios previstos en nuestra constituci\u00f3n general.<\/p>\n\n\n\n<p>\u201cEsa es la raz\u00f3n de la iniciativa que hoy presento. Invitar a que el Congreso garantice plenamente los derechos de la infancia y juventudes oaxaque\u00f1as a partir de hacerlos prioridad en nuestras agendas.<\/p>\n\n\n\n<p>\u201c\u00bfCu\u00e1l es el primer paso? Crear una Comisi\u00f3n que de forma espec\u00edfica asuma la responsabilidad de trabajar con especialidad esta agenda de los derechos de los ni\u00f1os, ni\u00f1as y adolescentes\u201d, dijo.<\/p>\n","protected":false},"excerpt":{"rendered":"<p>Redacci\u00f3n\/Zona Roja. San Raymundo Jalpan, Oax., 9 de.- La presidenta de la Mesa Directiva de&hellip;<\/p>\n","protected":false},"author":2,"featured_media":37403,"comment_status":"closed","ping_status":"open","sticky":false,"template":"","format":"standard","meta":{"_lmt_disableupdate":"","_lmt_disable":"","_jetpack_memberships_contains_paid_content":false,"footnotes":""},"categories":[109,46],"tags":[2969],"class_list":["post-37402","post","type-post","status-publish","format-standard","has-post-thumbnail","hentry","category-minuto-a-minuto","category-zona-blanca","tag-mariana-benitez-tiburcio"],"jetpack_featured_media_url":"https:\/\/zonaroja.com.mx\/wp-content\/uploads\/2022\/02\/Mariana-Benitez-T..jpg","jetpack_sharing_enabled":true,"_links":{"self":[{"href":"https:\/\/zonaroja.com.mx\/index.php?rest_route=\/wp\/v2\/posts\/37402","targetHints":{"allow":["GET"]}}],"collection":[{"href":"https:\/\/zonaroja.com.mx\/index.php?rest_route=\/wp\/v2\/posts"}],"about":[{"href":"https:\/\/zonaroja.com.mx\/index.php?rest_route=\/wp\/v2\/types\/post"}],"author":[{"embeddable":true,"href":"https:\/\/zonaroja.com.mx\/index.php?rest_route=\/wp\/v2\/users\/2"}],"replies":[{"embeddable":true,"href":"https:\/\/zonaroja.com.mx\/index.php?rest_route=%2Fwp%2Fv2%2Fcomments&post=37402"}],"version-history":[{"count":1,"href":"https:\/\/zonaroja.com.mx\/index.php?rest_route=\/wp\/v2\/posts\/37402\/revisions"}],"predecessor-version":[{"id":37404,"href":"https:\/\/zonaroja.com.mx\/index.php?rest_route=\/wp\/v2\/posts\/37402\/revisions\/37404"}],"wp:featuredmedia":[{"embeddable":true,"href":"https:\/\/zonaroja.com.mx\/index.php?rest_route=\/wp\/v2\/media\/37403"}],"wp:attachment":[{"href":"https:\/\/zonaroja.com.mx\/index.php?rest_route=%2Fwp%2Fv2%2Fmedia&parent=37402"}],"wp:term":[{"taxonomy":"category","embeddable":true,"href":"https:\/\/zonaroja.com.mx\/index.php?rest_route=%2Fwp%2Fv2%2Fcategories&post=37402"},{"taxonomy":"post_tag","embeddable":true,"href":"https:\/\/zonaroja.com.mx\/index.php?rest_route=%2Fwp%2Fv2%2Ftags&post=37402"}],"curies":[{"name":"wp","href":"https:\/\/api.w.org\/{rel}","templated":true}]}}