{"id":37405,"date":"2022-02-09T20:46:23","date_gmt":"2022-02-10T02:46:23","guid":{"rendered":"http:\/\/www.zonaroja.com.mx\/?p=37405"},"modified":"2022-02-09T20:46:25","modified_gmt":"2022-02-10T02:46:25","slug":"habrian-sido-policias-estatales-quienes-intentaron-secuestrar-a-hermano-de-periodista","status":"publish","type":"post","link":"https:\/\/zonaroja.com.mx\/?p=37405","title":{"rendered":"Habr\u00edan sido polic\u00edas estatales quienes intentaron secuestrar a hermano de periodista"},"content":{"rendered":"\n<p>Ismael Garc\u00eda M.\/Zona Roja.<\/p>\n\n\n\n<p>Oaxaca de Ju\u00e1rez, Oax., 9 de febrero de 2022.- La Secretar\u00eda de Seguridad P\u00fablica de Oaxaca inform\u00f3 que indaga la probable participaci\u00f3n de elementos de la Polic\u00eda Estatal en el intento de secuestro del hermano de un periodista, en la ciudad capital.<\/p>\n\n\n\n<p>Los hechos ocurrieron alrededor del mediod\u00eda de este mi\u00e9rcoles, en que Ed\u00e9n L., fue buscado en su domicilio; ser\u00edan al menos cuatro sujetos a bordo de una unidad de motor sin placas, marca Renault, tipo Afluence, que pretend\u00edan privarlo de la vida.<\/p>\n\n\n\n<p>Ante ello logr\u00f3 escapar y era perseguido; en la carretera sobre las riberas del r\u00edo \u201cAtoyac\u201d, a la altura del crucero del Instituto Tecnol\u00f3gico de Oaxaca, contact\u00f3 a un grupo de elementos de la Polic\u00eda Estatal, quienes detuvieron s\u00f3lo a dos de los probables secuestradores.<\/p>\n\n\n\n<p>Ante ello, los presuntos delincuentes opusieron resistencia; dijeron ser agentes de investigaci\u00f3n pero sin mostrar documentos y amagaron con sus armas. Finalmente fueron sometidos y junto con la unidad de motor supuestamente fueron puestos a disposici\u00f3n del Ministerio P\u00fablico de la Fiscal\u00eda General.<\/p>\n\n\n\n<p>No obstante, hasta las 20:00 horas a\u00fan no hab\u00edan sido turnados a la autoridad ministerial, denunci\u00f3 el periodista \u00c1lvaro Cuitl\u00e1huac L\u00f3pez, quien incluso public\u00f3 en sus redes sociales una fotograf\u00eda en que se aprecia el veh\u00edculo afuera de las instalaciones del cuartel de la Polic\u00eda Estatal, en San Bartolo Coyotepec.<\/p>\n\n\n\n<p>En improvisada conferencia, Ed\u00e9n y \u00c1lvaro Narraron que el primero de ellos ya hab\u00eda sido privado de su libertad por unas horas, tras lo cual fue tirado en una comunidad del distrito de Etla, varias horas despu\u00e9s, con diversos golpes.<\/p>\n\n\n\n<figure class=\"wp-block-embed is-type-rich is-provider-twitter wp-block-embed-twitter\"><div class=\"wp-block-embed__wrapper\">\n<div class=\"twitter-tweet\"><blockquote class=\"twitter-tweet\" data-lang=\"es\"><p lang=\"es\" dir=\"ltr\"><a href=\"https:\/\/twitter.com\/hashtag\/%C3%9AltimoMinuto?src=hash&amp;ref_src=twsrc%5Etfw\">#\u00daltimoMinuto<\/a> <br>2. Es la segunda ocasi\u00f3n que han intentado secuestrar al hermano de un <a href=\"https:\/\/twitter.com\/hashtag\/periodista?src=hash&amp;ref_src=twsrc%5Etfw\">#periodista<\/a> en la ciudad de <a href=\"https:\/\/twitter.com\/hashtag\/Oaxaca?src=hash&amp;ref_src=twsrc%5Etfw\">#Oaxaca<\/a>. <br>Estas son las grabaciones de c\u00e1maras de seguridad en los dos hechos. <br>Hace poco m\u00e1s de una semana fue \u201clevantado\u201d y golpeado. <a href=\"https:\/\/t.co\/SPnP5dPEYW\">pic.twitter.com\/SPnP5dPEYW<\/a><\/p>&mdash; Zona Roja Oaxaca (@Zona_Roja_Oax) <a href=\"https:\/\/twitter.com\/Zona_Roja_Oax\/status\/1491542837699112964?ref_src=twsrc%5Etfw\">9 de febrero de 2022<\/a><\/blockquote><\/div>\n<\/div><\/figure>\n\n\n\n<p>INDAGA SSPO<\/p>\n\n\n\n<p>La Secretar\u00eda de Seguridad P\u00fablica inform\u00f3 que \u201cse investiga la posible participaci\u00f3n de agentes de la Polic\u00eda Estatal en el que se agravi\u00f3 a un ciudadano. No habr\u00e1 tolerancia sobre quien o quienes resulten responsables de tan lamentable suceso.<\/p>\n\n\n\n<p>\u201cPor lo pronto estamos trabajando en coordinaci\u00f3n con la Fiscal\u00eda General del Estado para esclarecer el suceso y procurar justicia\u201d.<\/p>\n\n\n\n<p>DESLIDE DE AEI<\/p>\n\n\n\n<p>Por su parte, la Fiscal\u00eda General del Estado emiti\u00f3 un comunicado en que deslind\u00f3 que fueran integrantes de la Agencia Estatal de Investigaciones los detenidos.<\/p>\n\n\n\n<p>Descarta FGEO que personas involucradas en incidente del puente del ITO sean elementos de la AEI<\/p>\n\n\n\n<p>\u201cRespecto a los hechos sucedidos el mediod\u00eda de este mi\u00e9rcoles en inmediaciones del puente del Instituto Tecnol\u00f3gico de Oaxaca (ITO) en la capital del estado, la Fiscal\u00eda General del Estado de Oaxaca (FGEO) descarta categ\u00f3ricamente que alguno de los involucrados pertenezca o forme parte de este organismo aut\u00f3nomo o de su polic\u00eda investigadora\u201d.<\/p>\n\n\n\n<p>\u201cLa FGEO niega que dichas personas formen parte del estado de fuerza activo de la AEI. Como Instituci\u00f3n encargada de la procuraci\u00f3n de justicia, la Fiscal\u00eda se compromete a realizar las investigaciones pertinentes para deslindar responsabilidades\u201d, indic\u00f3.<\/p>\n\n\n\n<p>De acuerdo con diversas fuentes, los probables secuestradores ser\u00edan parte de elementos encubiertos de la Polic\u00eda Estatal, al mando del Comisionado Ra\u00fal Castillejos Sol\u00eds, y quienes tendr\u00edan diversos antecedentes por hechos delictivos.<\/p>\n\n\n\n<figure class=\"wp-block-embed is-type-rich is-provider-twitter wp-block-embed-twitter\"><div class=\"wp-block-embed__wrapper\">\n<div class=\"twitter-tweet\"><blockquote class=\"twitter-tweet\" data-lang=\"es\"><p lang=\"es\" dir=\"ltr\"><a href=\"https:\/\/twitter.com\/hashtag\/%C3%9AltimoMinuto?src=hash&amp;ref_src=twsrc%5Etfw\">#\u00daltimoMinuto<\/a> <br>Sujetos armados intentaron secuestrar este mediod\u00eda al familiar de un <a href=\"https:\/\/twitter.com\/hashtag\/periodista?src=hash&amp;ref_src=twsrc%5Etfw\">#periodista<\/a> de <a href=\"https:\/\/twitter.com\/hashtag\/Oaxaca?src=hash&amp;ref_src=twsrc%5Etfw\">#Oaxaca<\/a>; fueron interceptados en las riberas del r\u00edo \u201cAtoyac\u201d de la capital, a la altura del Instituto Tecnol\u00f3gico.<br>Interviene la <a href=\"https:\/\/twitter.com\/Policia_GobOax?ref_src=twsrc%5Etfw\">@Policia_GobOax<\/a> y detiene a dos personas. <a href=\"https:\/\/t.co\/nS0b78asAj\">pic.twitter.com\/nS0b78asAj<\/a><\/p>&mdash; Zona Roja Oaxaca (@Zona_Roja_Oax) <a href=\"https:\/\/twitter.com\/Zona_Roja_Oax\/status\/1491491254701490176?ref_src=twsrc%5Etfw\">9 de febrero de 2022<\/a><\/blockquote><\/div>\n<\/div><\/figure>\n","protected":false},"excerpt":{"rendered":"<p>Ismael Garc\u00eda M.\/Zona Roja. Oaxaca de Ju\u00e1rez, Oax., 9 de febrero de 2022.- La Secretar\u00eda&hellip;<\/p>\n","protected":false},"author":2,"featured_media":37400,"comment_status":"closed","ping_status":"open","sticky":false,"template":"","format":"standard","meta":{"_lmt_disableupdate":"","_lmt_disable":"","_jetpack_memberships_contains_paid_content":false,"footnotes":""},"categories":[109,47],"tags":[1421],"class_list":["post-37405","post","type-post","status-publish","format-standard","has-post-thumbnail","hentry","category-minuto-a-minuto","category-zona-gris","tag-secretaria-de-seguridad-publica-de-oaxaca-sspo"],"jetpack_featured_media_url":"https:\/\/zonaroja.com.mx\/wp-content\/uploads\/2022\/02\/Supuestos-policias-intento-de-secuestro-hermano-de-periodista.jpg","jetpack_sharing_enabled":true,"_links":{"self":[{"href":"https:\/\/zonaroja.com.mx\/index.php?rest_route=\/wp\/v2\/posts\/37405","targetHints":{"allow":["GET"]}}],"collection":[{"href":"https:\/\/zonaroja.com.mx\/index.php?rest_route=\/wp\/v2\/posts"}],"about":[{"href":"https:\/\/zonaroja.com.mx\/index.php?rest_route=\/wp\/v2\/types\/post"}],"author":[{"embeddable":true,"href":"https:\/\/zonaroja.com.mx\/index.php?rest_route=\/wp\/v2\/users\/2"}],"replies":[{"embeddable":true,"href":"https:\/\/zonaroja.com.mx\/index.php?rest_route=%2Fwp%2Fv2%2Fcomments&post=37405"}],"version-history":[{"count":1,"href":"https:\/\/zonaroja.com.mx\/index.php?rest_route=\/wp\/v2\/posts\/37405\/revisions"}],"predecessor-version":[{"id":37406,"href":"https:\/\/zonaroja.com.mx\/index.php?rest_route=\/wp\/v2\/posts\/37405\/revisions\/37406"}],"wp:featuredmedia":[{"embeddable":true,"href":"https:\/\/zonaroja.com.mx\/index.php?rest_route=\/wp\/v2\/media\/37400"}],"wp:attachment":[{"href":"https:\/\/zonaroja.com.mx\/index.php?rest_route=%2Fwp%2Fv2%2Fmedia&parent=37405"}],"wp:term":[{"taxonomy":"category","embeddable":true,"href":"https:\/\/zonaroja.com.mx\/index.php?rest_route=%2Fwp%2Fv2%2Fcategories&post=37405"},{"taxonomy":"post_tag","embeddable":true,"href":"https:\/\/zonaroja.com.mx\/index.php?rest_route=%2Fwp%2Fv2%2Ftags&post=37405"}],"curies":[{"name":"wp","href":"https:\/\/api.w.org\/{rel}","templated":true}]}}