{"id":37407,"date":"2022-02-09T22:06:20","date_gmt":"2022-02-10T04:06:20","guid":{"rendered":"http:\/\/www.zonaroja.com.mx\/?p=37407"},"modified":"2022-02-09T22:06:25","modified_gmt":"2022-02-10T04:06:25","slug":"exigen-diputados-acciones-de-seguridad-para-combatir-ola-de-violencia-en-istmo","status":"publish","type":"post","link":"https:\/\/zonaroja.com.mx\/?p=37407","title":{"rendered":"Exigen diputados acciones de seguridad para combatir ola de violencia en Istmo"},"content":{"rendered":"\n<p>Redacci\u00f3n\/Zona Roja.<\/p>\n\n\n\n<p>Oaxaca de Ju\u00e1rez, Oax., 9 de febrero de 2022.- Diputadas y diputados del Congreso oaxaque\u00f1o exigieron acciones inmediatas a los Poderes Ejecutivos federal, estatal y municipales, para frenar la ola de violencia que se vive en el Istmo de Tehuantepec.<\/p>\n\n\n\n<p>Con 29 votos a favor, se aprob\u00f3 el exhorto de urgente y obvia resoluci\u00f3n de la legisladora Mar\u00eda Luisa Matus Fuentes quien solicit\u00f3 a los Poderes Ejecutivos federal, estatal y municipales, para que a trav\u00e9s de la Guardia Nacional, Polic\u00eda Estatal, Agencia Estatal de Investigaci\u00f3n (AEI), Polic\u00edas Municipales y Fiscal\u00eda General del Estado (FGE), para que implementen un operativo de manera conjunta en el Istmo de Tehuantepec.<\/p>\n\n\n\n<p>Se\u00f1al\u00f3 que deben poner \u00e9nfasis en el municipio de Juchit\u00e1n de Zaragoza y exhort\u00f3 al Fiscal General de la Rep\u00fablica y al Fiscal General del Estado de Oaxaca, para que en el \u00e1mbito de sus atribuciones, realicen las investigaciones y persecuci\u00f3n de los delitos de homicidio en la regi\u00f3n del Istmo.<\/p>\n\n\n\n<p>La congresista lament\u00f3 \u201cen esta \u00faltima semana, en Juchit\u00e1n se han consumado una serie de homicidios que de acuerdo con informaci\u00f3n obtenida a trav\u00e9s de diferentes medios de comunicaci\u00f3n destacan el ocurrido el 4 de febrero, en una colonia conocida como La M\u00edstica donde fueron ejecutadas tres mujeres y presumiblemente un beb\u00e9\u201d.<\/p>\n\n\n\n<p>Tambi\u00e9n el hecho violento perpetrado el 6 de febrero en donde perdieron la vida tres personas entre ellas, un menor de cuatro a\u00f1os de edad, en la colonia Gustavo Pineda.<\/p>\n\n\n\n<figure class=\"wp-block-embed is-type-rich is-provider-twitter wp-block-embed-twitter\"><div class=\"wp-block-embed__wrapper\">\n<div class=\"twitter-tweet\"><blockquote class=\"twitter-tweet\" data-lang=\"es\"><p lang=\"es\" dir=\"ltr\"><a href=\"https:\/\/twitter.com\/hashtag\/%C3%9AltimoMinuto?src=hash&amp;ref_src=twsrc%5Etfw\">#\u00daltimoMinuto<\/a> <br>Con 29 votos, el pleno del <a href=\"https:\/\/twitter.com\/CongresoOaxaca_?ref_src=twsrc%5Etfw\">@CongresoOaxaca_<\/a> aprob\u00f3 un exhorto presentado por la diputada Mar\u00eda Luisa Matus, para que autoridades de los tres niveles de gobierno se coordinen y enfrenten la inseguridad en el Istmo, particularmente en <a href=\"https:\/\/twitter.com\/hashtag\/Juchit%C3%A1n?src=hash&amp;ref_src=twsrc%5Etfw\">#Juchit\u00e1n<\/a>. <a href=\"https:\/\/t.co\/O9tWMoLsmG\">pic.twitter.com\/O9tWMoLsmG<\/a><\/p>&mdash; Zona Roja Oaxaca (@Zona_Roja_Oax) <a href=\"https:\/\/twitter.com\/Zona_Roja_Oax\/status\/1491512135431696389?ref_src=twsrc%5Etfw\">9 de febrero de 2022<\/a><\/blockquote><\/div>\n<\/div><\/figure>\n\n\n\n<p>Sostuvo que lo anterior, sin duda es muestra de la ausencia de los cuerpos policiacos y una falta de coordinaci\u00f3n, por lo que es necesario un operativo o programa de combate a la delincuencia en la regi\u00f3n.<\/p>\n\n\n\n<p>El Pleno aprob\u00f3 tambi\u00e9n con 29 votos, el exhorto de la diputada Yesenia Nolasco Ram\u00edrez al Ejecutivo del estado, Alejandro Ismael Murat Hinojosa, para que en el \u00e1mbito de su competencia nombre de manera inmediata al o la Titular de la Secretar\u00eda de Seguridad P\u00fablica de Oaxaca (SSPO), esto, derivado de los altos \u00edndices de violencia que se han registrado en el Istmo.<\/p>\n\n\n\n<p>Coincidi\u00f3 con la diputada Mar\u00eda Luisa Matus, en que se implementen operativos pero que solicit\u00f3 sean permanentes y en coordinaci\u00f3n con la Fiscal\u00eda General del Estado de Oaxaca y los municipios de la regi\u00f3n del Istmo, con mayor poblaci\u00f3n e \u00edndices delictivos.<\/p>\n\n\n\n<p>La parlamentaria destac\u00f3 que en lo que respecta a cifras encontradas en la p\u00e1gina de la Fiscal\u00eda General del Estado de Oaxaca, hasta el mes de diciembre del 2021, tan s\u00f3lo en la regi\u00f3n del Istmo se contabilizaban 12 feminicidios hasta el mes de diciembre de 2021.<\/p>\n\n\n\n<p>Ocupa esta regi\u00f3n el segundo lugar en el estado solo detr\u00e1s de la regi\u00f3n de Valles Centrales, con 4 feminicidios en la ciudad de Juchit\u00e1n, 2 en Salina Cruz, 1 en Tehuantepec y 1 en San Dionisio del Mar.<\/p>\n\n\n\n<p>En lo que respecta a homicidios dolosos, se contabilizaban hasta el mes de diciembre de 2021, 13 v\u00edctimas de las cuales 4 fueron registrados en Juchit\u00e1n y 4 en Mat\u00edas Romero, todas estas muertes en su mayor\u00eda fueron provocadas por arma de fuego.<\/p>\n\n\n\n<p>Finalmente, dijo que mientras la SSPO no cuente con titular, la escalada de la violencia en Juchit\u00e1n ir\u00e1 en aumento, pues desde hace a\u00f1os no dan atenci\u00f3n de manera puntual, ya que la venta, el consumo y el f\u00e1cil acceso a las drogas duras han convertido a este municipio en un foco rojo.<\/p>\n","protected":false},"excerpt":{"rendered":"<p>Redacci\u00f3n\/Zona Roja. Oaxaca de Ju\u00e1rez, Oax., 9 de febrero de 2022.- Diputadas y diputados del&hellip;<\/p>\n","protected":false},"author":2,"featured_media":37408,"comment_status":"closed","ping_status":"open","sticky":false,"template":"","format":"standard","meta":{"_lmt_disableupdate":"","_lmt_disable":"","_jetpack_memberships_contains_paid_content":false,"footnotes":""},"categories":[109,47],"tags":[2743],"class_list":["post-37407","post","type-post","status-publish","format-standard","has-post-thumbnail","hentry","category-minuto-a-minuto","category-zona-gris","tag-65-legislatura-del-estado-de-oaxaca"],"jetpack_featured_media_url":"https:\/\/zonaroja.com.mx\/wp-content\/uploads\/2022\/02\/Foto-1-Exigio-Diputacion-acciones-de-seguridad-para-combatir-ola-de-violencia-en-el-Istmo.jpeg","jetpack_sharing_enabled":true,"_links":{"self":[{"href":"https:\/\/zonaroja.com.mx\/index.php?rest_route=\/wp\/v2\/posts\/37407","targetHints":{"allow":["GET"]}}],"collection":[{"href":"https:\/\/zonaroja.com.mx\/index.php?rest_route=\/wp\/v2\/posts"}],"about":[{"href":"https:\/\/zonaroja.com.mx\/index.php?rest_route=\/wp\/v2\/types\/post"}],"author":[{"embeddable":true,"href":"https:\/\/zonaroja.com.mx\/index.php?rest_route=\/wp\/v2\/users\/2"}],"replies":[{"embeddable":true,"href":"https:\/\/zonaroja.com.mx\/index.php?rest_route=%2Fwp%2Fv2%2Fcomments&post=37407"}],"version-history":[{"count":1,"href":"https:\/\/zonaroja.com.mx\/index.php?rest_route=\/wp\/v2\/posts\/37407\/revisions"}],"predecessor-version":[{"id":37409,"href":"https:\/\/zonaroja.com.mx\/index.php?rest_route=\/wp\/v2\/posts\/37407\/revisions\/37409"}],"wp:featuredmedia":[{"embeddable":true,"href":"https:\/\/zonaroja.com.mx\/index.php?rest_route=\/wp\/v2\/media\/37408"}],"wp:attachment":[{"href":"https:\/\/zonaroja.com.mx\/index.php?rest_route=%2Fwp%2Fv2%2Fmedia&parent=37407"}],"wp:term":[{"taxonomy":"category","embeddable":true,"href":"https:\/\/zonaroja.com.mx\/index.php?rest_route=%2Fwp%2Fv2%2Fcategories&post=37407"},{"taxonomy":"post_tag","embeddable":true,"href":"https:\/\/zonaroja.com.mx\/index.php?rest_route=%2Fwp%2Fv2%2Ftags&post=37407"}],"curies":[{"name":"wp","href":"https:\/\/api.w.org\/{rel}","templated":true}]}}