{"id":37417,"date":"2022-02-10T07:33:12","date_gmt":"2022-02-10T13:33:12","guid":{"rendered":"http:\/\/www.zonaroja.com.mx\/?p=37417"},"modified":"2022-02-10T07:33:14","modified_gmt":"2022-02-10T13:33:14","slug":"lopez-obrador-abre-de-nuevo-frente-contra-espana-le-reviran","status":"publish","type":"post","link":"https:\/\/zonaroja.com.mx\/?p=37417","title":{"rendered":"L\u00f3pez Obrador abre de nuevo frente contra Espa\u00f1a; le reviran"},"content":{"rendered":"\n<p>Redacci\u00f3n\/Zona Roja Cdmx.<\/p>\n\n\n\n<p>Ciudad de M\u00e9xico, 10 de febrero de 2022.- El Presidente de M\u00e9xico, Andr\u00e9s Manuel L\u00f3pez Obrador, plante\u00f3 ayer pausar la relaci\u00f3n diplom\u00e1tica con Espa\u00f1a, lo que gener\u00f3 una serie de controversias y reclamos.<\/p>\n\n\n\n<p>\u201cAhora no es una buena relaci\u00f3n y a m\u00ed me gustar\u00eda que hasta nos tard\u00e1ramos en que se normalizara, para hacer una pausa que yo creo nos va a convenir a los mexicanos y a los espa\u00f1oles, desde luego al pueblo de M\u00e9xico y al pueblo de Espa\u00f1a.<\/p>\n\n\n\n<p>\u201cHacer una pausa en las relaciones porque era un contubernio arriba, una promiscuidad econ\u00f3mica y pol\u00edtica en la c\u00fapula de los gobiernos de M\u00e9xico y Espa\u00f1a, como tres sexenios seguidos y M\u00e9xico se llevaba la peor parte, nos saqueaban\u201d, sentenci\u00f3 en la conferencia matutina del mi\u00e9rcoles.<\/p>\n\n\n\n<p>Los se\u00f1alamientos del presidente hacia Espa\u00f1a no son nuevos: en marzo de 2021, L\u00f3pez Obrador solicit\u00f3 formalmente al rey Felipe VI de Espa\u00f1a y al Papa Francisco que pidieran perd\u00f3n a los pueblos originarios de M\u00e9xico por los abusos cometidos durante la Conquista del pa\u00eds, hace 500 a\u00f1os. La petici\u00f3n se hizo a trav\u00e9s de dos cartas, confirm\u00f3 en ese entonces el mandatario mexicano.<\/p>\n\n\n\n<p>INJUSTIFICABLE<\/p>\n\n\n\n<p>El Gobierno de Espa\u00f1a contest\u00f3 ayer mismo a la propuesta del presidente Andr\u00e9s Manuel L\u00f3pez Obrador de poner \u2018en pausa\u2019 la relaci\u00f3n entre los pa\u00edses, en palabras de Jos\u00e9 Manuel Albares, ministro de Asuntos Exteriores, UE y Cooperaci\u00f3n.<\/p>\n\n\n\n<p>\u201cEl Gobierno de Espa\u00f1a no ha hecho ninguna acci\u00f3n que pueda justificar una declaraci\u00f3n de este tipo\u201d, declar\u00f3 seg\u00fan el diario ABC.<\/p>\n\n\n\n<p>El funcionario se\u00f1al\u00f3 que el presidente L\u00f3pez Obrador tendr\u00eda que aclarar qu\u00e9 quiso decir con una \u201cpausa\u201d en las relaciones diplom\u00e1ticas entre las naciones, de acuerdo con el medio.<\/p>\n\n\n\n<p>\u201cLa relaci\u00f3n entre Espa\u00f1a y M\u00e9xico es una asociaci\u00f3n estrat\u00e9gica, que va m\u00e1s all\u00e1 de declaraciones verbales s\u00fabitas\u201d, subray\u00f3.<\/p>\n\n\n\n<p>(Con informaci\u00f3n de \u201cEl Financiero\u201d)<\/p>\n","protected":false},"excerpt":{"rendered":"<p>Redacci\u00f3n\/Zona Roja Cdmx. Ciudad de M\u00e9xico, 10 de febrero de 2022.- El Presidente de M\u00e9xico,&hellip;<\/p>\n","protected":false},"author":2,"featured_media":37419,"comment_status":"closed","ping_status":"open","sticky":false,"template":"","format":"standard","meta":{"_lmt_disableupdate":"","_lmt_disable":"","_jetpack_memberships_contains_paid_content":false,"footnotes":""},"categories":[109,47],"tags":[143],"class_list":["post-37417","post","type-post","status-publish","format-standard","has-post-thumbnail","hentry","category-minuto-a-minuto","category-zona-gris","tag-andres-manuel-lopez-obrador"],"jetpack_featured_media_url":"https:\/\/zonaroja.com.mx\/wp-content\/uploads\/2022\/02\/Intercambio-Espana-Mexico.jpg","jetpack_sharing_enabled":true,"_links":{"self":[{"href":"https:\/\/zonaroja.com.mx\/index.php?rest_route=\/wp\/v2\/posts\/37417","targetHints":{"allow":["GET"]}}],"collection":[{"href":"https:\/\/zonaroja.com.mx\/index.php?rest_route=\/wp\/v2\/posts"}],"about":[{"href":"https:\/\/zonaroja.com.mx\/index.php?rest_route=\/wp\/v2\/types\/post"}],"author":[{"embeddable":true,"href":"https:\/\/zonaroja.com.mx\/index.php?rest_route=\/wp\/v2\/users\/2"}],"replies":[{"embeddable":true,"href":"https:\/\/zonaroja.com.mx\/index.php?rest_route=%2Fwp%2Fv2%2Fcomments&post=37417"}],"version-history":[{"count":1,"href":"https:\/\/zonaroja.com.mx\/index.php?rest_route=\/wp\/v2\/posts\/37417\/revisions"}],"predecessor-version":[{"id":37420,"href":"https:\/\/zonaroja.com.mx\/index.php?rest_route=\/wp\/v2\/posts\/37417\/revisions\/37420"}],"wp:featuredmedia":[{"embeddable":true,"href":"https:\/\/zonaroja.com.mx\/index.php?rest_route=\/wp\/v2\/media\/37419"}],"wp:attachment":[{"href":"https:\/\/zonaroja.com.mx\/index.php?rest_route=%2Fwp%2Fv2%2Fmedia&parent=37417"}],"wp:term":[{"taxonomy":"category","embeddable":true,"href":"https:\/\/zonaroja.com.mx\/index.php?rest_route=%2Fwp%2Fv2%2Fcategories&post=37417"},{"taxonomy":"post_tag","embeddable":true,"href":"https:\/\/zonaroja.com.mx\/index.php?rest_route=%2Fwp%2Fv2%2Ftags&post=37417"}],"curies":[{"name":"wp","href":"https:\/\/api.w.org\/{rel}","templated":true}]}}